
{"id":5964,"date":"2025-07-16T12:54:07","date_gmt":"2025-07-16T12:54:07","guid":{"rendered":"https:\/\/abreme.com.br\/?p=5964"},"modified":"2025-07-16T12:55:46","modified_gmt":"2025-07-16T12:55:46","slug":"publicado-edital-de-transacao-por-adesao-para-debitos-em-contencioso-administrativo-fiscal-ate-50-milhoes","status":"publish","type":"post","link":"https:\/\/abreme.com.br\/?p=5964","title":{"rendered":"Publicado Edital de Transa\u00e7\u00e3o por ades\u00e3o para d\u00e9bitos em contencioso administrativo fiscal at\u00e9 50 milh\u00f5es"},"content":{"rendered":"\t\t<div data-elementor-type=\"wp-post\" data-elementor-id=\"5964\" class=\"elementor elementor-5964\">\n\t\t\t\t<div class=\"elementor-element elementor-element-f691918 e-flex e-con-boxed wpr-particle-no wpr-jarallax-no wpr-parallax-no wpr-sticky-section-no wpr-equal-height-no e-con e-parent\" data-id=\"f691918\" data-element_type=\"container\">\n\t\t\t\t\t<div class=\"e-con-inner\">\n\t\t\t\t<div class=\"elementor-element elementor-element-fb1120e elementor-widget elementor-widget-text-editor\" data-id=\"fb1120e\" data-element_type=\"widget\" data-widget_type=\"text-editor.default\">\n\t\t\t\t<div class=\"elementor-widget-container\">\n\t\t\t\t\t\t\t\t\t<p class=\"MsoNormal\" style=\"margin-bottom: 0px; margin-left: 35.4pt; color: #222222; font-family: Arial, Helvetica, sans-serif; font-size: small; font-style: normal; font-weight: 400;\">Poder\u00e3o aderir \u00e0 transa\u00e7\u00e3o pessoas f\u00edsicas e jur\u00eddicas que possuam d\u00e9bitos de natureza tribut\u00e1ria em discuss\u00e3o administrativa na Receita Federal.<u><\/u><u><\/u><\/p><p class=\"MsoNormal\" style=\"margin-bottom: 0px; margin-left: 35.4pt; color: #222222; font-family: Arial, Helvetica, sans-serif; font-size: small; font-style: normal; font-weight: 400;\">\u00a0<u><\/u><u><\/u><\/p><p class=\"MsoNormal\" style=\"margin-bottom: 0px; margin-left: 35.4pt; color: #222222; font-family: Arial, Helvetica, sans-serif; font-size: small; font-style: normal; font-weight: 400;\">Publicado em\u00a007\/07\/2025 09h56\u00a0Atualizado em\u00a007\/07\/2025 09h59<\/p>\t\t\t\t\t\t\t\t<\/div>\n\t\t\t\t<\/div>\n\t\t\t\t\t<\/div>\n\t\t\t\t<\/div>\n\t\t<div class=\"elementor-element elementor-element-6e7c25f e-flex e-con-boxed wpr-particle-no wpr-jarallax-no wpr-parallax-no wpr-sticky-section-no wpr-equal-height-no e-con e-parent\" data-id=\"6e7c25f\" data-element_type=\"container\">\n\t\t\t\t\t<div class=\"e-con-inner\">\n\t\t\t\t<div class=\"elementor-element elementor-element-02934b8 elementor-widget elementor-widget-image\" data-id=\"02934b8\" data-element_type=\"widget\" data-widget_type=\"image.default\">\n\t\t\t\t<div class=\"elementor-widget-container\">\n\t\t\t\t\t\t\t\t\t\t\t\t\t\t\t<img fetchpriority=\"high\" decoding=\"async\" width=\"768\" height=\"276\" src=\"https:\/\/abreme.com.br\/wp-content\/uploads\/2025\/07\/unnamed11.jpg\" class=\"attachment-large size-large wp-image-5966\" alt=\"\" srcset=\"https:\/\/abreme.com.br\/wp-content\/uploads\/2025\/07\/unnamed11.jpg 768w, https:\/\/abreme.com.br\/wp-content\/uploads\/2025\/07\/unnamed11-300x108.jpg 300w, https:\/\/abreme.com.br\/wp-content\/uploads\/2025\/07\/unnamed11-600x216.jpg 600w\" sizes=\"(max-width: 768px) 100vw, 768px\" \/>\t\t\t\t\t\t\t\t\t\t\t\t\t\t\t<\/div>\n\t\t\t\t<\/div>\n\t\t\t\t\t<\/div>\n\t\t\t\t<\/div>\n\t\t<div class=\"elementor-element elementor-element-08a95ef e-flex e-con-boxed wpr-particle-no wpr-jarallax-no wpr-parallax-no wpr-sticky-section-no wpr-equal-height-no e-con e-parent\" data-id=\"08a95ef\" data-element_type=\"container\">\n\t\t\t\t\t<div class=\"e-con-inner\">\n\t\t\t\t<div class=\"elementor-element elementor-element-9cb24ea elementor-widget elementor-widget-text-editor\" data-id=\"9cb24ea\" data-element_type=\"widget\" data-widget_type=\"text-editor.default\">\n\t\t\t\t<div class=\"elementor-widget-container\">\n\t\t\t\t\t\t\t\t\t<p style=\"font-weight: 400;\">A Secretaria Especial da Receita Federal do Brasil publicou, por meio de edital, proposta de transa\u00e7\u00e3o por ades\u00e3o para quita\u00e7\u00e3o de cr\u00e9ditos tribut\u00e1rios em contencioso administrativo fiscal de at\u00e9 R$ 50.000.000,00 (cinquenta milh\u00f5es de reais) por contencioso.<\/p><p style=\"font-weight: 400;\">Poder\u00e3o aderir \u00e0 transa\u00e7\u00e3o, ap\u00f3s a publica\u00e7\u00e3o oficial do edital, pessoas f\u00edsicas e jur\u00eddicas que possuam d\u00e9bitos de natureza tribut\u00e1ria em discuss\u00e3o administrativa na Receita Federal, inclusive contribui\u00e7\u00f5es sociais recolhidas por meio de DARF.<\/p><p style=\"font-weight: 400;\">As condi\u00e7\u00f5es oferecidas incluem a possibilidade de redu\u00e7\u00e3o de at\u00e9 100% do valor de juros, multas e encargos legais (limitada a at\u00e9 65% do valor total do cr\u00e9dito), e pagamento em at\u00e9 120 parcelas mensais e sucessivas, e utiliza\u00e7\u00e3o de cr\u00e9ditos de preju\u00edzo fiscal e base de c\u00e1lculo negativa da CSLL para quita\u00e7\u00e3o de at\u00e9 30% da d\u00edvida, ap\u00f3s os descontos.<\/p><p style=\"font-weight: 400;\">Contribuintes que se enquadrem como pessoa natural, microempresa, empresa de pequeno porte, Santas Casas de Miseric\u00f3rdia, cooperativas, organiza\u00e7\u00f5es da sociedade civil ou institui\u00e7\u00f5es de ensino ter\u00e3o condi\u00e7\u00f5es diferenciadas: o limite de redu\u00e7\u00e3o ser\u00e1 de at\u00e9 70% do valor total de cada cr\u00e9dito e o parcelamento poder\u00e1 alcan\u00e7ar at\u00e9 145 meses.<\/p><p style=\"font-weight: 400;\"><strong>Como se dar\u00e1 a ades\u00e3o?<\/strong><\/p><p style=\"font-weight: 400;\">A ades\u00e3o ser\u00e1 realizada mediante abertura de processo digital no Portal do Centro Virtual de Atendimento &#8211; e-CAC, na aba &#8220;Legisla\u00e7\u00e3o e Processo&#8221;, por meio do servi\u00e7o &#8220;Requerimentos Web&#8221;. A plataforma est\u00e1 dispon\u00edvel no\u00a0<a href=\"https:\/\/www.gov.br\/receitafederal\/pt-br\" data-saferedirecturl=\"https:\/\/www.google.com\/url?q=https:\/\/www.gov.br\/receitafederal\/pt-br&amp;source=gmail&amp;ust=1752756611699000&amp;usg=AOvVaw3HEQLOgvd4P3KMd49jSDMu\">site da Receita Federal<\/a>.<\/p><p style=\"font-weight: 400;\">A solicita\u00e7\u00e3o dever\u00e1 ser instru\u00edda com documenta\u00e7\u00e3o espec\u00edfica, incluindo requerimento pr\u00f3prio, comprovante da capacidade de pagamento, certifica\u00e7\u00e3o cont\u00e1bil relativa \u00e0 utiliza\u00e7\u00e3o de preju\u00edzo fiscal, entre outros documentos previstos no edital.<\/p><p style=\"font-weight: 400;\">O prazo para ades\u00e3o vai da\u00a0<strong>data de publica\u00e7\u00e3o do edital at\u00e9 \u00e0s 23h59min59s do dia 31 de outubro de 2025<\/strong>.<\/p><p style=\"font-weight: 400;\"><strong>Outras informa\u00e7\u00f5es<\/strong><\/p><p style=\"font-weight: 400;\">O edital completo, com regras, modalidades de pagamento, obriga\u00e7\u00f5es do aderente e hip\u00f3teses de rescis\u00e3o, pode ser consultado no\u00a0<a href=\"https:\/\/www.gov.br\/receitafederal\/pt-br\" data-saferedirecturl=\"https:\/\/www.google.com\/url?q=https:\/\/www.gov.br\/receitafederal\/pt-br&amp;source=gmail&amp;ust=1752756611699000&amp;usg=AOvVaw3HEQLOgvd4P3KMd49jSDMu\">site da Receita Federal<\/a>.<\/p><p style=\"font-weight: 400;\">Categoria<\/p><p style=\"font-weight: 400;\">Outros Servi\u00e7os<\/p>\t\t\t\t\t\t\t\t<\/div>\n\t\t\t\t<\/div>\n\t\t\t\t\t<\/div>\n\t\t\t\t<\/div>\n\t\t\t\t<\/div>\n\t\t","protected":false},"excerpt":{"rendered":"<p>Poder\u00e3o aderir \u00e0 transa\u00e7\u00e3o pessoas f\u00edsicas e jur\u00eddicas que possuam d\u00e9bitos de natureza tribut\u00e1ria em discuss\u00e3o administrativa na Receita Federal. \u00a0 Publicado em\u00a007\/07\/2025 09h56\u00a0Atualizado em\u00a007\/07\/2025 09h59 A Secretaria Especial da Receita Federal do Brasil publicou, por meio de edital, proposta de transa\u00e7\u00e3o por ades\u00e3o para quita\u00e7\u00e3o de cr\u00e9ditos tribut\u00e1rios em contencioso administrativo fiscal de at\u00e9 R$ 50.000.000,00 (cinquenta milh\u00f5es de reais) por contencioso. Poder\u00e3o aderir \u00e0 transa\u00e7\u00e3o, ap\u00f3s a publica\u00e7\u00e3o oficial do edital, pessoas f\u00edsicas e jur\u00eddicas que possuam d\u00e9bitos de natureza tribut\u00e1ria em discuss\u00e3o administrativa na Receita Federal, inclusive contribui\u00e7\u00f5es sociais recolhidas por meio de DARF. As condi\u00e7\u00f5es oferecidas incluem a possibilidade de redu\u00e7\u00e3o de at\u00e9 100% do valor de juros, multas e encargos legais (limitada a at\u00e9 65% do valor total do cr\u00e9dito), e pagamento em at\u00e9 120 parcelas mensais e sucessivas, e utiliza\u00e7\u00e3o de cr\u00e9ditos de preju\u00edzo fiscal e base de c\u00e1lculo negativa da CSLL para quita\u00e7\u00e3o de at\u00e9 30% da d\u00edvida, ap\u00f3s os descontos. Contribuintes que se enquadrem como pessoa natural, microempresa, empresa de pequeno porte, Santas Casas de Miseric\u00f3rdia, cooperativas, organiza\u00e7\u00f5es da sociedade civil ou institui\u00e7\u00f5es de ensino ter\u00e3o condi\u00e7\u00f5es diferenciadas: o limite de redu\u00e7\u00e3o ser\u00e1 de at\u00e9 70% do valor total de cada cr\u00e9dito e o parcelamento poder\u00e1 alcan\u00e7ar at\u00e9 145 meses. Como se dar\u00e1 a ades\u00e3o? A ades\u00e3o ser\u00e1 realizada mediante abertura de processo digital no Portal do Centro Virtual de Atendimento &#8211; e-CAC, na aba &#8220;Legisla\u00e7\u00e3o e Processo&#8221;, por meio do servi\u00e7o &#8220;Requerimentos Web&#8221;. A plataforma est\u00e1 dispon\u00edvel no\u00a0site da Receita Federal. A solicita\u00e7\u00e3o dever\u00e1 ser instru\u00edda com documenta\u00e7\u00e3o espec\u00edfica, incluindo requerimento pr\u00f3prio, comprovante da capacidade de pagamento, certifica\u00e7\u00e3o cont\u00e1bil relativa \u00e0 utiliza\u00e7\u00e3o de preju\u00edzo fiscal, entre outros documentos previstos no edital. O prazo para ades\u00e3o vai da\u00a0data de publica\u00e7\u00e3o do edital at\u00e9 \u00e0s 23h59min59s do dia 31 de outubro de 2025. Outras informa\u00e7\u00f5es O edital completo, com regras, modalidades de pagamento, obriga\u00e7\u00f5es do aderente e hip\u00f3teses de rescis\u00e3o, pode ser consultado no\u00a0site da Receita Federal. Categoria Outros Servi\u00e7os<\/p>\n","protected":false},"author":1,"featured_media":0,"comment_status":"open","ping_status":"open","sticky":false,"template":"","format":"standard","meta":{"site-sidebar-layout":"default","site-content-layout":"","ast-site-content-layout":"default","site-content-style":"default","site-sidebar-style":"default","ast-global-header-display":"","ast-banner-title-visibility":"","ast-main-header-display":"","ast-hfb-above-header-display":"","ast-hfb-below-header-display":"","ast-hfb-mobile-header-display":"","site-post-title":"","ast-breadcrumbs-content":"","ast-featured-img":"","footer-sml-layout":"","ast-disable-related-posts":"","theme-transparent-header-meta":"","adv-header-id-meta":"","stick-header-meta":"","header-above-stick-meta":"","header-main-stick-meta":"","header-below-stick-meta":"","astra-migrate-meta-layouts":"default","ast-page-background-enabled":"default","ast-page-background-meta":{"desktop":{"background-color":"var(--ast-global-color-4)","background-image":"","background-repeat":"repeat","background-position":"center center","background-size":"auto","background-attachment":"scroll","background-type":"","background-media":"","overlay-type":"","overlay-color":"","overlay-opacity":"","overlay-gradient":""},"tablet":{"background-color":"","background-image":"","background-repeat":"repeat","background-position":"center center","background-size":"auto","background-attachment":"scroll","background-type":"","background-media":"","overlay-type":"","overlay-color":"","overlay-opacity":"","overlay-gradient":""},"mobile":{"background-color":"","background-image":"","background-repeat":"repeat","background-position":"center center","background-size":"auto","background-attachment":"scroll","background-type":"","background-media":"","overlay-type":"","overlay-color":"","overlay-opacity":"","overlay-gradient":""}},"ast-content-background-meta":{"desktop":{"background-color":"var(--ast-global-color-5)","background-image":"","background-repeat":"repeat","background-position":"center center","background-size":"auto","background-attachment":"scroll","background-type":"","background-media":"","overlay-type":"","overlay-color":"","overlay-opacity":"","overlay-gradient":""},"tablet":{"background-color":"var(--ast-global-color-5)","background-image":"","background-repeat":"repeat","background-position":"center center","background-size":"auto","background-attachment":"scroll","background-type":"","background-media":"","overlay-type":"","overlay-color":"","overlay-opacity":"","overlay-gradient":""},"mobile":{"background-color":"var(--ast-global-color-5)","background-image":"","background-repeat":"repeat","background-position":"center center","background-size":"auto","background-attachment":"scroll","background-type":"","background-media":"","overlay-type":"","overlay-color":"","overlay-opacity":"","overlay-gradient":""}},"footnotes":""},"categories":[1],"tags":[],"class_list":["post-5964","post","type-post","status-publish","format-standard","hentry","category-uncategorized"],"_links":{"self":[{"href":"https:\/\/abreme.com.br\/index.php?rest_route=\/wp\/v2\/posts\/5964","targetHints":{"allow":["GET"]}}],"collection":[{"href":"https:\/\/abreme.com.br\/index.php?rest_route=\/wp\/v2\/posts"}],"about":[{"href":"https:\/\/abreme.com.br\/index.php?rest_route=\/wp\/v2\/types\/post"}],"author":[{"embeddable":true,"href":"https:\/\/abreme.com.br\/index.php?rest_route=\/wp\/v2\/users\/1"}],"replies":[{"embeddable":true,"href":"https:\/\/abreme.com.br\/index.php?rest_route=%2Fwp%2Fv2%2Fcomments&post=5964"}],"version-history":[{"count":4,"href":"https:\/\/abreme.com.br\/index.php?rest_route=\/wp\/v2\/posts\/5964\/revisions"}],"predecessor-version":[{"id":5969,"href":"https:\/\/abreme.com.br\/index.php?rest_route=\/wp\/v2\/posts\/5964\/revisions\/5969"}],"wp:attachment":[{"href":"https:\/\/abreme.com.br\/index.php?rest_route=%2Fwp%2Fv2%2Fmedia&parent=5964"}],"wp:term":[{"taxonomy":"category","embeddable":true,"href":"https:\/\/abreme.com.br\/index.php?rest_route=%2Fwp%2Fv2%2Fcategories&post=5964"},{"taxonomy":"post_tag","embeddable":true,"href":"https:\/\/abreme.com.br\/index.php?rest_route=%2Fwp%2Fv2%2Ftags&post=5964"}],"curies":[{"name":"wp","href":"https:\/\/api.w.org\/{rel}","templated":true}]}}