
{"id":5970,"date":"2025-07-16T12:56:40","date_gmt":"2025-07-16T12:56:40","guid":{"rendered":"https:\/\/abreme.com.br\/?p=5970"},"modified":"2025-07-16T12:57:56","modified_gmt":"2025-07-16T12:57:56","slug":"publicado-edital-de-transacao-por-adesao-para-debitos-de-pequeno-valor","status":"publish","type":"post","link":"https:\/\/abreme.com.br\/?p=5970","title":{"rendered":"Publicado Edital de Transa\u00e7\u00e3o por ades\u00e3o para d\u00e9bitos de pequeno valor"},"content":{"rendered":"\t\t<div data-elementor-type=\"wp-post\" data-elementor-id=\"5970\" class=\"elementor elementor-5970\">\n\t\t\t\t<div class=\"elementor-element elementor-element-031f46a e-flex e-con-boxed wpr-particle-no wpr-jarallax-no wpr-parallax-no wpr-sticky-section-no wpr-equal-height-no e-con e-parent\" data-id=\"031f46a\" data-element_type=\"container\">\n\t\t\t\t\t<div class=\"e-con-inner\">\n\t\t\t\t<div class=\"elementor-element elementor-element-b68b29e elementor-widget elementor-widget-text-editor\" data-id=\"b68b29e\" data-element_type=\"widget\" data-widget_type=\"text-editor.default\">\n\t\t\t\t<div class=\"elementor-widget-container\">\n\t\t\t\t\t\t\t\t\t<p style=\"font-weight: 400;\">Medida tem como foco estimular a regulariza\u00e7\u00e3o de d\u00e9bitos com menor impacto financeiro, permitindo maior acesso \u00e0s condi\u00e7\u00f5es facilitadas de pagamento.<\/p><p style=\"font-weight: 400;\"><span style=\"font-style: inherit;\">Publicado em\u00a007\/07\/2025 11h23<\/span><\/p>\t\t\t\t\t\t\t\t<\/div>\n\t\t\t\t<\/div>\n\t\t\t\t\t<\/div>\n\t\t\t\t<\/div>\n\t\t<div class=\"elementor-element elementor-element-f9c5db0 e-flex e-con-boxed wpr-particle-no wpr-jarallax-no wpr-parallax-no wpr-sticky-section-no wpr-equal-height-no e-con e-parent\" data-id=\"f9c5db0\" data-element_type=\"container\">\n\t\t\t\t\t<div class=\"e-con-inner\">\n\t\t\t\t<div class=\"elementor-element elementor-element-d02d2a5 elementor-widget elementor-widget-image\" data-id=\"d02d2a5\" data-element_type=\"widget\" data-widget_type=\"image.default\">\n\t\t\t\t<div class=\"elementor-widget-container\">\n\t\t\t\t\t\t\t\t\t\t\t\t\t\t\t<img fetchpriority=\"high\" decoding=\"async\" width=\"768\" height=\"276\" src=\"https:\/\/abreme.com.br\/wp-content\/uploads\/2025\/07\/unnamed11.jpg\" class=\"attachment-large size-large wp-image-5966\" alt=\"\" srcset=\"https:\/\/abreme.com.br\/wp-content\/uploads\/2025\/07\/unnamed11.jpg 768w, https:\/\/abreme.com.br\/wp-content\/uploads\/2025\/07\/unnamed11-300x108.jpg 300w, https:\/\/abreme.com.br\/wp-content\/uploads\/2025\/07\/unnamed11-600x216.jpg 600w\" sizes=\"(max-width: 768px) 100vw, 768px\" \/>\t\t\t\t\t\t\t\t\t\t\t\t\t\t\t<\/div>\n\t\t\t\t<\/div>\n\t\t\t\t\t<\/div>\n\t\t\t\t<\/div>\n\t\t<div class=\"elementor-element elementor-element-5ab752e e-flex e-con-boxed wpr-particle-no wpr-jarallax-no wpr-parallax-no wpr-sticky-section-no wpr-equal-height-no e-con e-parent\" data-id=\"5ab752e\" data-element_type=\"container\">\n\t\t\t\t\t<div class=\"e-con-inner\">\n\t\t\t\t<div class=\"elementor-element elementor-element-7b490f9 elementor-widget elementor-widget-text-editor\" data-id=\"7b490f9\" data-element_type=\"widget\" data-widget_type=\"text-editor.default\">\n\t\t\t\t<div class=\"elementor-widget-container\">\n\t\t\t\t\t\t\t\t\t<p class=\"MsoNormal\" style=\"margin-bottom: 0px; margin-left: 35.4pt; color: rgb(34, 34, 34); font-family: Arial, Helvetica, sans-serif; font-size: small; font-style: normal; font-weight: 400;\">A Secretaria Especial da Receita Federal do Brasil publicou proposta de transa\u00e7\u00e3o por ades\u00e3o espec\u00edfica para cr\u00e9ditos tribut\u00e1rios de pequeno valor em contencioso administrativo fiscal ou no prazo para apresentar impugna\u00e7\u00e3o. A medida tem como foco estimular a regulariza\u00e7\u00e3o de d\u00e9bitos com menor impacto financeiro, permitindo maior acesso \u00e0s condi\u00e7\u00f5es facilitadas de pagamento.<u><\/u><u><\/u><\/p><p class=\"MsoNormal\" style=\"margin-bottom: 0px; margin-left: 35.4pt; color: rgb(34, 34, 34); font-family: Arial, Helvetica, sans-serif; font-size: small; font-style: normal; font-weight: 400;\">Poder\u00e3o aderir \u00e0 transa\u00e7\u00e3o, a partir da publica\u00e7\u00e3o do edital, a pessoa natural, microempreendedor individual, empres\u00e1rio individual, microempresa e empresa de pequeno porte com d\u00e9bitos cujo valor, por processo administrativo, n\u00e3o ultrapasse 60 sal\u00e1rios-m\u00ednimos.<u><\/u><u><\/u><\/p><p class=\"MsoNormal\" style=\"margin-bottom: 0px; margin-left: 35.4pt; color: rgb(34, 34, 34); font-family: Arial, Helvetica, sans-serif; font-size: small; font-style: normal; font-weight: 400;\"><b>Quais s\u00e3o os benef\u00edcios?<\/b><u><\/u><u><\/u><\/p><p class=\"MsoNormal\" style=\"margin-bottom: 0px; margin-left: 35.4pt; color: rgb(34, 34, 34); font-family: Arial, Helvetica, sans-serif; font-size: small; font-style: normal; font-weight: 400;\">A depender da quantidade de parcelas escolhida, os d\u00e9bitos poder\u00e3o ser quitados com os seguintes descontos sobre o valor total da d\u00edvida (incluindo principal, juros, multas e encargos):<u><\/u><u><\/u><\/p><p class=\"MsoNormal\" style=\"margin-bottom: 0px; margin-left: 35.4pt; color: rgb(34, 34, 34); font-family: Arial, Helvetica, sans-serif; font-size: small; font-style: normal; font-weight: 400;\">&#8211; 50% de redu\u00e7\u00e3o para pagamento em at\u00e9 12 parcelas;<u><\/u><u><\/u><\/p><p class=\"MsoNormal\" style=\"margin-bottom: 0px; margin-left: 35.4pt; color: rgb(34, 34, 34); font-family: Arial, Helvetica, sans-serif; font-size: small; font-style: normal; font-weight: 400;\">&#8211; 40% de redu\u00e7\u00e3o para pagamento em at\u00e9 24 parcelas;<u><\/u><u><\/u><\/p><p class=\"MsoNormal\" style=\"margin-bottom: 0px; margin-left: 35.4pt; color: rgb(34, 34, 34); font-family: Arial, Helvetica, sans-serif; font-size: small; font-style: normal; font-weight: 400;\">&#8211; 35% de redu\u00e7\u00e3o para pagamento em at\u00e9 36 parcelas;<u><\/u><u><\/u><\/p><p class=\"MsoNormal\" style=\"margin-bottom: 0px; margin-left: 35.4pt; color: rgb(34, 34, 34); font-family: Arial, Helvetica, sans-serif; font-size: small; font-style: normal; font-weight: 400;\">&#8211; 30% de redu\u00e7\u00e3o para pagamento em at\u00e9 55 parcelas.<u><\/u><u><\/u><\/p><p class=\"MsoNormal\" style=\"margin-bottom: 0px; margin-left: 35.4pt; color: rgb(34, 34, 34); font-family: Arial, Helvetica, sans-serif; font-size: small; font-style: normal; font-weight: 400;\"><b>Como fazer a ades\u00e3o?<\/b><u><\/u><u><\/u><\/p><p class=\"MsoNormal\" style=\"margin-bottom: 0px; margin-left: 35.4pt; color: rgb(34, 34, 34); font-family: Arial, Helvetica, sans-serif; font-size: small; font-style: normal; font-weight: 400;\">A ades\u00e3o poder\u00e1 ser realizada&nbsp;<b>at\u00e9 \u00e0s 20h59min59s do dia 31 de outubro de 2025<\/b>, diretamente no Portal e-CAC, no menu: Pagamentos e Parcelamentos &gt; Parcelamento Solicitar e Acompanhar.<u><\/u><u><\/u><\/p><p class=\"MsoNormal\" style=\"margin-bottom: 0px; margin-left: 35.4pt; color: rgb(34, 34, 34); font-family: Arial, Helvetica, sans-serif; font-size: small; font-style: normal; font-weight: 400;\">O acesso \u00e9 feito pelo&nbsp;<a href=\"https:\/\/www.gov.br\/receitafederal\/pt-br\" target=\"_blank\" data-saferedirecturl=\"https:\/\/www.google.com\/url?q=https:\/\/www.gov.br\/receitafederal\/pt-br&amp;source=gmail&amp;ust=1752756611691000&amp;usg=AOvVaw3IhoedU2pMLFRCDbmiIfyW\" style=\"color: rgb(17, 85, 204);\">site da Receita Federal<\/a>.<u><\/u><u><\/u><\/p><p class=\"MsoNormal\" style=\"margin-bottom: 0px; margin-left: 35.4pt; color: rgb(34, 34, 34); font-family: Arial, Helvetica, sans-serif; font-size: small; font-style: normal; font-weight: 400;\"><b>Onde consultar?<\/b><u><\/u><u><\/u><\/p><p class=\"MsoNormal\" style=\"margin-bottom: 0px; margin-left: 35.4pt; color: rgb(34, 34, 34); font-family: Arial, Helvetica, sans-serif; font-size: small; font-style: normal; font-weight: 400;\">O&nbsp;<a href=\"https:\/\/www.gov.br\/receitafederal\/pt-br\/assuntos\/orientacao-tributaria\/pagamentos-e-parcelamentos\/transacao-tributaria\/\" target=\"_blank\" data-saferedirecturl=\"https:\/\/www.google.com\/url?q=https:\/\/www.gov.br\/receitafederal\/pt-br\/assuntos\/orientacao-tributaria\/pagamentos-e-parcelamentos\/transacao-tributaria\/&amp;source=gmail&amp;ust=1752756611691000&amp;usg=AOvVaw0D6yH2_EFc0pAlz4OWEk_6\" style=\"color: rgb(17, 85, 204);\">edital completo<\/a>&nbsp;est\u00e1 dispon\u00edvel no site oficial da Receita Federal e traz todas as regras, obriga\u00e7\u00f5es e modelos de ades\u00e3o.<\/p>\t\t\t\t\t\t\t\t<\/div>\n\t\t\t\t<\/div>\n\t\t\t\t\t<\/div>\n\t\t\t\t<\/div>\n\t\t\t\t<\/div>\n\t\t","protected":false},"excerpt":{"rendered":"<p>Medida tem como foco estimular a regulariza\u00e7\u00e3o de d\u00e9bitos com menor impacto financeiro, permitindo maior acesso \u00e0s condi\u00e7\u00f5es facilitadas de pagamento. Publicado em\u00a007\/07\/2025 11h23 A Secretaria Especial da Receita Federal do Brasil publicou proposta de transa\u00e7\u00e3o por ades\u00e3o espec\u00edfica para cr\u00e9ditos tribut\u00e1rios de pequeno valor em contencioso administrativo fiscal ou no prazo para apresentar impugna\u00e7\u00e3o. A medida tem como foco estimular a regulariza\u00e7\u00e3o de d\u00e9bitos com menor impacto financeiro, permitindo maior acesso \u00e0s condi\u00e7\u00f5es facilitadas de pagamento. Poder\u00e3o aderir \u00e0 transa\u00e7\u00e3o, a partir da publica\u00e7\u00e3o do edital, a pessoa natural, microempreendedor individual, empres\u00e1rio individual, microempresa e empresa de pequeno porte com d\u00e9bitos cujo valor, por processo administrativo, n\u00e3o ultrapasse 60 sal\u00e1rios-m\u00ednimos. Quais s\u00e3o os benef\u00edcios? A depender da quantidade de parcelas escolhida, os d\u00e9bitos poder\u00e3o ser quitados com os seguintes descontos sobre o valor total da d\u00edvida (incluindo principal, juros, multas e encargos): &#8211; 50% de redu\u00e7\u00e3o para pagamento em at\u00e9 12 parcelas; &#8211; 40% de redu\u00e7\u00e3o para pagamento em at\u00e9 24 parcelas; &#8211; 35% de redu\u00e7\u00e3o para pagamento em at\u00e9 36 parcelas; &#8211; 30% de redu\u00e7\u00e3o para pagamento em at\u00e9 55 parcelas. Como fazer a ades\u00e3o? A ades\u00e3o poder\u00e1 ser realizada&nbsp;at\u00e9 \u00e0s 20h59min59s do dia 31 de outubro de 2025, diretamente no Portal e-CAC, no menu: Pagamentos e Parcelamentos &gt; Parcelamento Solicitar e Acompanhar. O acesso \u00e9 feito pelo&nbsp;site da Receita Federal. Onde consultar? O&nbsp;edital completo&nbsp;est\u00e1 dispon\u00edvel no site oficial da Receita Federal e traz todas as regras, obriga\u00e7\u00f5es e modelos de ades\u00e3o.<\/p>\n","protected":false},"author":1,"featured_media":0,"comment_status":"open","ping_status":"open","sticky":false,"template":"","format":"standard","meta":{"site-sidebar-layout":"default","site-content-layout":"","ast-site-content-layout":"default","site-content-style":"default","site-sidebar-style":"default","ast-global-header-display":"","ast-banner-title-visibility":"","ast-main-header-display":"","ast-hfb-above-header-display":"","ast-hfb-below-header-display":"","ast-hfb-mobile-header-display":"","site-post-title":"","ast-breadcrumbs-content":"","ast-featured-img":"","footer-sml-layout":"","ast-disable-related-posts":"","theme-transparent-header-meta":"","adv-header-id-meta":"","stick-header-meta":"","header-above-stick-meta":"","header-main-stick-meta":"","header-below-stick-meta":"","astra-migrate-meta-layouts":"default","ast-page-background-enabled":"default","ast-page-background-meta":{"desktop":{"background-color":"var(--ast-global-color-4)","background-image":"","background-repeat":"repeat","background-position":"center center","background-size":"auto","background-attachment":"scroll","background-type":"","background-media":"","overlay-type":"","overlay-color":"","overlay-opacity":"","overlay-gradient":""},"tablet":{"background-color":"","background-image":"","background-repeat":"repeat","background-position":"center center","background-size":"auto","background-attachment":"scroll","background-type":"","background-media":"","overlay-type":"","overlay-color":"","overlay-opacity":"","overlay-gradient":""},"mobile":{"background-color":"","background-image":"","background-repeat":"repeat","background-position":"center center","background-size":"auto","background-attachment":"scroll","background-type":"","background-media":"","overlay-type":"","overlay-color":"","overlay-opacity":"","overlay-gradient":""}},"ast-content-background-meta":{"desktop":{"background-color":"var(--ast-global-color-5)","background-image":"","background-repeat":"repeat","background-position":"center center","background-size":"auto","background-attachment":"scroll","background-type":"","background-media":"","overlay-type":"","overlay-color":"","overlay-opacity":"","overlay-gradient":""},"tablet":{"background-color":"var(--ast-global-color-5)","background-image":"","background-repeat":"repeat","background-position":"center center","background-size":"auto","background-attachment":"scroll","background-type":"","background-media":"","overlay-type":"","overlay-color":"","overlay-opacity":"","overlay-gradient":""},"mobile":{"background-color":"var(--ast-global-color-5)","background-image":"","background-repeat":"repeat","background-position":"center center","background-size":"auto","background-attachment":"scroll","background-type":"","background-media":"","overlay-type":"","overlay-color":"","overlay-opacity":"","overlay-gradient":""}},"footnotes":""},"categories":[1],"tags":[],"class_list":["post-5970","post","type-post","status-publish","format-standard","hentry","category-uncategorized"],"_links":{"self":[{"href":"https:\/\/abreme.com.br\/index.php?rest_route=\/wp\/v2\/posts\/5970","targetHints":{"allow":["GET"]}}],"collection":[{"href":"https:\/\/abreme.com.br\/index.php?rest_route=\/wp\/v2\/posts"}],"about":[{"href":"https:\/\/abreme.com.br\/index.php?rest_route=\/wp\/v2\/types\/post"}],"author":[{"embeddable":true,"href":"https:\/\/abreme.com.br\/index.php?rest_route=\/wp\/v2\/users\/1"}],"replies":[{"embeddable":true,"href":"https:\/\/abreme.com.br\/index.php?rest_route=%2Fwp%2Fv2%2Fcomments&post=5970"}],"version-history":[{"count":4,"href":"https:\/\/abreme.com.br\/index.php?rest_route=\/wp\/v2\/posts\/5970\/revisions"}],"predecessor-version":[{"id":5974,"href":"https:\/\/abreme.com.br\/index.php?rest_route=\/wp\/v2\/posts\/5970\/revisions\/5974"}],"wp:attachment":[{"href":"https:\/\/abreme.com.br\/index.php?rest_route=%2Fwp%2Fv2%2Fmedia&parent=5970"}],"wp:term":[{"taxonomy":"category","embeddable":true,"href":"https:\/\/abreme.com.br\/index.php?rest_route=%2Fwp%2Fv2%2Fcategories&post=5970"},{"taxonomy":"post_tag","embeddable":true,"href":"https:\/\/abreme.com.br\/index.php?rest_route=%2Fwp%2Fv2%2Ftags&post=5970"}],"curies":[{"name":"wp","href":"https:\/\/api.w.org\/{rel}","templated":true}]}}