
{"id":5980,"date":"2025-07-28T02:01:24","date_gmt":"2025-07-28T02:01:24","guid":{"rendered":"https:\/\/abreme.com.br\/?p=5980"},"modified":"2025-07-28T02:03:01","modified_gmt":"2025-07-28T02:03:01","slug":"audiencia-sobre-iof-termina-sem-acordo-e-partes-pedem-que-stf-decida-controversia","status":"publish","type":"post","link":"https:\/\/abreme.com.br\/?p=5980","title":{"rendered":"Audi\u00eancia sobre IOF termina sem acordo e partes pedem que STF decida controv\u00e9rsia"},"content":{"rendered":"\t\t<div data-elementor-type=\"wp-post\" data-elementor-id=\"5980\" class=\"elementor elementor-5980\">\n\t\t\t\t<div class=\"elementor-element elementor-element-65322a0 e-flex e-con-boxed wpr-particle-no wpr-jarallax-no wpr-parallax-no wpr-sticky-section-no wpr-equal-height-no e-con e-parent\" data-id=\"65322a0\" data-element_type=\"container\">\n\t\t\t\t\t<div class=\"e-con-inner\">\n\t\t\t\t<div class=\"elementor-element elementor-element-baf9a33 elementor-widget elementor-widget-text-editor\" data-id=\"baf9a33\" data-element_type=\"widget\" data-widget_type=\"text-editor.default\">\n\t\t\t\t<div class=\"elementor-widget-container\">\n\t\t\t\t\t\t\t\t\t<p style=\"font-weight: 400;\">Tentativa de concilia\u00e7\u00e3o foi conduzida na tarde desta ter\u00e7a (15) pelo relator da mat\u00e9ria, ministro Alexandre de Moraes\u00a0<\/p>\t\t\t\t\t\t\t\t<\/div>\n\t\t\t\t<\/div>\n\t\t\t\t<div class=\"elementor-element elementor-element-aa3b5a9 elementor-widget elementor-widget-image\" data-id=\"aa3b5a9\" data-element_type=\"widget\" data-widget_type=\"image.default\">\n\t\t\t\t<div class=\"elementor-widget-container\">\n\t\t\t\t\t\t\t\t\t\t\t\t\t\t\t<img fetchpriority=\"high\" decoding=\"async\" width=\"1024\" height=\"576\" src=\"https:\/\/abreme.com.br\/wp-content\/uploads\/2025\/07\/12-1024x576.jpg\" class=\"attachment-large size-large wp-image-5982\" alt=\"\" srcset=\"https:\/\/abreme.com.br\/wp-content\/uploads\/2025\/07\/12-1024x576.jpg 1024w, https:\/\/abreme.com.br\/wp-content\/uploads\/2025\/07\/12-300x169.jpg 300w, https:\/\/abreme.com.br\/wp-content\/uploads\/2025\/07\/12-768x432.jpg 768w, https:\/\/abreme.com.br\/wp-content\/uploads\/2025\/07\/12-1536x864.jpg 1536w, https:\/\/abreme.com.br\/wp-content\/uploads\/2025\/07\/12-2048x1152.jpg 2048w, https:\/\/abreme.com.br\/wp-content\/uploads\/2025\/07\/12-600x338.jpg 600w, https:\/\/abreme.com.br\/wp-content\/uploads\/2025\/07\/12-1154x649.jpg 1154w\" sizes=\"(max-width: 1024px) 100vw, 1024px\" \/>\t\t\t\t\t\t\t\t\t\t\t\t\t\t\t<\/div>\n\t\t\t\t<\/div>\n\t\t\t\t\t<\/div>\n\t\t\t\t<\/div>\n\t\t<div class=\"elementor-element elementor-element-2dce207 e-flex e-con-boxed wpr-particle-no wpr-jarallax-no wpr-parallax-no wpr-sticky-section-no wpr-equal-height-no e-con e-parent\" data-id=\"2dce207\" data-element_type=\"container\">\n\t\t\t\t\t<div class=\"e-con-inner\">\n\t\t\t\t<div class=\"elementor-element elementor-element-5801db1 elementor-widget elementor-widget-text-editor\" data-id=\"5801db1\" data-element_type=\"widget\" data-widget_type=\"text-editor.default\">\n\t\t\t\t<div class=\"elementor-widget-container\">\n\t\t\t\t\t\t\t\t\t<p style=\"font-weight: 400;\">Foto: Fellipe Sampaio\/STF<\/p><p style=\"font-weight: 400;\">Terminou sem acordo a audi\u00eancia de concilia\u00e7\u00e3o realizada na tarde desta ter\u00e7a-feira (15) no Supremo Tribunal Federal (STF) pelo ministro Alexandre de Moraes para discutir os decretos que tratam do Imposto sobre Opera\u00e7\u00f5es Financeiras (IOF). Participaram da audi\u00eancia o ministro-chefe da Advocacia-Geral da Uni\u00e3o (AGU), Jorge Messias, e representantes do Minist\u00e9rio P\u00fablico Federal, do Minist\u00e9rio da Fazenda, da C\u00e2mara dos Deputados, do Senado Federal, do Partido Liberal (PL) e do Partido Socialismo e Liberdade (Psol).<\/p><p style=\"font-weight: 400;\">Na audi\u00eancia, o relator indagou \u00e0s partes se seriam poss\u00edveis concess\u00f5es rec\u00edprocas que pudessem resultar na concilia\u00e7\u00e3o, mas todos disseram que, apesar da import\u00e2ncia do di\u00e1logo e da iniciativa do STF na busca de consenso, preferiam aguardar a decis\u00e3o judicial.<\/p><p style=\"font-weight: 400;\">A mat\u00e9ria \u00e9 tratada\u00a0 nas A\u00e7\u00f5es Diretas de Inconstitucionalidade (ADIs)\u00a0<strong><a href=\"https:\/\/portal.stf.jus.br\/processos\/detalhe.asp?incidente=7280244\" data-saferedirecturl=\"https:\/\/www.google.com\/url?q=https:\/\/portal.stf.jus.br\/processos\/detalhe.asp?incidente%3D7280244&amp;source=gmail&amp;ust=1753754181027000&amp;usg=AOvVaw0LbbN0wV7OxPVimkK_LP3u\">7827<\/a><\/strong>\u00a0e\u00a0<strong><a href=\"https:\/\/portal.stf.jus.br\/processos\/detalhe.asp?incidente=7301260\" data-saferedirecturl=\"https:\/\/www.google.com\/url?q=https:\/\/portal.stf.jus.br\/processos\/detalhe.asp?incidente%3D7301260&amp;source=gmail&amp;ust=1753754181027000&amp;usg=AOvVaw38JqNxDmfvAktr1qSi6Qyj\">7839<\/a><\/strong>\u00a0e da A\u00e7\u00e3o Declarat\u00f3ria de Constitucionalidade\u00a0<strong><a href=\"https:\/\/portal.stf.jus.br\/processos\/detalhe.asp?incidente=7303647\" data-saferedirecturl=\"https:\/\/www.google.com\/url?q=https:\/\/portal.stf.jus.br\/processos\/detalhe.asp?incidente%3D7303647&amp;source=gmail&amp;ust=1753754181027000&amp;usg=AOvVaw0lGU-dc7zGPgZkyzPlZGrt\">(ADC) 96<\/a><\/strong>. No in\u00edcio do m\u00eas, o ministro suspendeu a efic\u00e1cia dos decretos presidenciais que aumentavam as al\u00edquotas do IOF e tamb\u00e9m do decreto legislativo que anulou os atos do Executivo e chamou as partes \u00e0 mesa de negocia\u00e7\u00e3o.<\/p><p style=\"font-weight: 400;\">Leia a\u00a0<strong><a href=\"https:\/\/noticias-stf-wp-prd.s3.sa-east-1.amazonaws.com\/wp-content\/uploads\/wpallimport\/uploads\/2025\/07\/15172618\/paginador-4.pdf\" data-saferedirecturl=\"https:\/\/www.google.com\/url?q=https:\/\/noticias-stf-wp-prd.s3.sa-east-1.amazonaws.com\/wp-content\/uploads\/wpallimport\/uploads\/2025\/07\/15172618\/paginador-4.pdf&amp;source=gmail&amp;ust=1753754181027000&amp;usg=AOvVaw3o-8uLzQwwcEStnFvdh-mm\">\u00edntegra da ata da audi\u00eancia<\/a><\/strong>.<\/p><p style=\"font-weight: 400;\">\u00a0<\/p><p style=\"font-weight: 400;\">(Virginia Pardal\/\/CF)<\/p><p style=\"font-weight: 400;\">\u00a0<\/p><p style=\"font-weight: 400;\">Leia mais:\u00a0<\/p><p style=\"font-weight: 400;\">4\/7\/2025 \u2013\u00a0<a href=\"https:\/\/noticias.stf.jus.br\/postsnoticias\/stf-suspende-decretos-sobre-iof-e-marca-audiencia-de-conciliacao\/\" data-saferedirecturl=\"https:\/\/www.google.com\/url?q=https:\/\/noticias.stf.jus.br\/postsnoticias\/stf-suspende-decretos-sobre-iof-e-marca-audiencia-de-conciliacao\/&amp;source=gmail&amp;ust=1753754181027000&amp;usg=AOvVaw1ELkJ3SAcIwW1KCmDUhI6a\">STF suspende decretos sobre IOF e marca audi\u00eancia de concilia\u00e7\u00e3o<\/a><\/p>\t\t\t\t\t\t\t\t<\/div>\n\t\t\t\t<\/div>\n\t\t\t\t\t<\/div>\n\t\t\t\t<\/div>\n\t\t\t\t<\/div>\n\t\t","protected":false},"excerpt":{"rendered":"<p>Tentativa de concilia\u00e7\u00e3o foi conduzida na tarde desta ter\u00e7a (15) pelo relator da mat\u00e9ria, ministro Alexandre de Moraes\u00a0 Foto: Fellipe Sampaio\/STF Terminou sem acordo a audi\u00eancia de concilia\u00e7\u00e3o realizada na tarde desta ter\u00e7a-feira (15) no Supremo Tribunal Federal (STF) pelo ministro Alexandre de Moraes para discutir os decretos que tratam do Imposto sobre Opera\u00e7\u00f5es Financeiras (IOF). Participaram da audi\u00eancia o ministro-chefe da Advocacia-Geral da Uni\u00e3o (AGU), Jorge Messias, e representantes do Minist\u00e9rio P\u00fablico Federal, do Minist\u00e9rio da Fazenda, da C\u00e2mara dos Deputados, do Senado Federal, do Partido Liberal (PL) e do Partido Socialismo e Liberdade (Psol). Na audi\u00eancia, o relator indagou \u00e0s partes se seriam poss\u00edveis concess\u00f5es rec\u00edprocas que pudessem resultar na concilia\u00e7\u00e3o, mas todos disseram que, apesar da import\u00e2ncia do di\u00e1logo e da iniciativa do STF na busca de consenso, preferiam aguardar a decis\u00e3o judicial. A mat\u00e9ria \u00e9 tratada\u00a0 nas A\u00e7\u00f5es Diretas de Inconstitucionalidade (ADIs)\u00a07827\u00a0e\u00a07839\u00a0e da A\u00e7\u00e3o Declarat\u00f3ria de Constitucionalidade\u00a0(ADC) 96. No in\u00edcio do m\u00eas, o ministro suspendeu a efic\u00e1cia dos decretos presidenciais que aumentavam as al\u00edquotas do IOF e tamb\u00e9m do decreto legislativo que anulou os atos do Executivo e chamou as partes \u00e0 mesa de negocia\u00e7\u00e3o. Leia a\u00a0\u00edntegra da ata da audi\u00eancia. \u00a0 (Virginia Pardal\/\/CF) \u00a0 Leia mais:\u00a0 4\/7\/2025 \u2013\u00a0STF suspende decretos sobre IOF e marca audi\u00eancia de concilia\u00e7\u00e3o<\/p>\n","protected":false},"author":1,"featured_media":0,"comment_status":"open","ping_status":"open","sticky":false,"template":"","format":"standard","meta":{"site-sidebar-layout":"default","site-content-layout":"","ast-site-content-layout":"default","site-content-style":"default","site-sidebar-style":"default","ast-global-header-display":"","ast-banner-title-visibility":"","ast-main-header-display":"","ast-hfb-above-header-display":"","ast-hfb-below-header-display":"","ast-hfb-mobile-header-display":"","site-post-title":"","ast-breadcrumbs-content":"","ast-featured-img":"","footer-sml-layout":"","ast-disable-related-posts":"","theme-transparent-header-meta":"","adv-header-id-meta":"","stick-header-meta":"","header-above-stick-meta":"","header-main-stick-meta":"","header-below-stick-meta":"","astra-migrate-meta-layouts":"default","ast-page-background-enabled":"default","ast-page-background-meta":{"desktop":{"background-color":"var(--ast-global-color-4)","background-image":"","background-repeat":"repeat","background-position":"center center","background-size":"auto","background-attachment":"scroll","background-type":"","background-media":"","overlay-type":"","overlay-color":"","overlay-opacity":"","overlay-gradient":""},"tablet":{"background-color":"","background-image":"","background-repeat":"repeat","background-position":"center center","background-size":"auto","background-attachment":"scroll","background-type":"","background-media":"","overlay-type":"","overlay-color":"","overlay-opacity":"","overlay-gradient":""},"mobile":{"background-color":"","background-image":"","background-repeat":"repeat","background-position":"center center","background-size":"auto","background-attachment":"scroll","background-type":"","background-media":"","overlay-type":"","overlay-color":"","overlay-opacity":"","overlay-gradient":""}},"ast-content-background-meta":{"desktop":{"background-color":"var(--ast-global-color-5)","background-image":"","background-repeat":"repeat","background-position":"center center","background-size":"auto","background-attachment":"scroll","background-type":"","background-media":"","overlay-type":"","overlay-color":"","overlay-opacity":"","overlay-gradient":""},"tablet":{"background-color":"var(--ast-global-color-5)","background-image":"","background-repeat":"repeat","background-position":"center center","background-size":"auto","background-attachment":"scroll","background-type":"","background-media":"","overlay-type":"","overlay-color":"","overlay-opacity":"","overlay-gradient":""},"mobile":{"background-color":"var(--ast-global-color-5)","background-image":"","background-repeat":"repeat","background-position":"center center","background-size":"auto","background-attachment":"scroll","background-type":"","background-media":"","overlay-type":"","overlay-color":"","overlay-opacity":"","overlay-gradient":""}},"footnotes":""},"categories":[1],"tags":[],"class_list":["post-5980","post","type-post","status-publish","format-standard","hentry","category-uncategorized"],"_links":{"self":[{"href":"https:\/\/abreme.com.br\/index.php?rest_route=\/wp\/v2\/posts\/5980","targetHints":{"allow":["GET"]}}],"collection":[{"href":"https:\/\/abreme.com.br\/index.php?rest_route=\/wp\/v2\/posts"}],"about":[{"href":"https:\/\/abreme.com.br\/index.php?rest_route=\/wp\/v2\/types\/post"}],"author":[{"embeddable":true,"href":"https:\/\/abreme.com.br\/index.php?rest_route=\/wp\/v2\/users\/1"}],"replies":[{"embeddable":true,"href":"https:\/\/abreme.com.br\/index.php?rest_route=%2Fwp%2Fv2%2Fcomments&post=5980"}],"version-history":[{"count":4,"href":"https:\/\/abreme.com.br\/index.php?rest_route=\/wp\/v2\/posts\/5980\/revisions"}],"predecessor-version":[{"id":5985,"href":"https:\/\/abreme.com.br\/index.php?rest_route=\/wp\/v2\/posts\/5980\/revisions\/5985"}],"wp:attachment":[{"href":"https:\/\/abreme.com.br\/index.php?rest_route=%2Fwp%2Fv2%2Fmedia&parent=5980"}],"wp:term":[{"taxonomy":"category","embeddable":true,"href":"https:\/\/abreme.com.br\/index.php?rest_route=%2Fwp%2Fv2%2Fcategories&post=5980"},{"taxonomy":"post_tag","embeddable":true,"href":"https:\/\/abreme.com.br\/index.php?rest_route=%2Fwp%2Fv2%2Ftags&post=5980"}],"curies":[{"name":"wp","href":"https:\/\/api.w.org\/{rel}","templated":true}]}}