
{"id":6365,"date":"2025-12-22T19:35:00","date_gmt":"2025-12-22T19:35:00","guid":{"rendered":"https:\/\/abreme.com.br\/?p=6365"},"modified":"2025-12-22T19:35:02","modified_gmt":"2025-12-22T19:35:02","slug":"nota-de-esclarecimento-perguntas-e-respostas-sobre-a-tributacao-de-altas-rendas","status":"publish","type":"post","link":"https:\/\/abreme.com.br\/?p=6365","title":{"rendered":"Nota de Esclarecimento &#8211; Perguntas e Respostas sobre a Tributa\u00e7\u00e3o de Altas Rendas"},"content":{"rendered":"\t\t<div data-elementor-type=\"wp-post\" data-elementor-id=\"6365\" class=\"elementor elementor-6365\">\n\t\t\t\t<div class=\"elementor-element elementor-element-1ef15d85 e-flex e-con-boxed wpr-particle-no wpr-jarallax-no wpr-parallax-no wpr-sticky-section-no wpr-equal-height-no e-con e-parent\" data-id=\"1ef15d85\" data-element_type=\"container\">\n\t\t\t\t\t<div class=\"e-con-inner\">\n\t\t\t\t<div class=\"elementor-element elementor-element-0a805c0 elementor-widget elementor-widget-image\" data-id=\"0a805c0\" data-element_type=\"widget\" data-widget_type=\"image.default\">\n\t\t\t\t<div class=\"elementor-widget-container\">\n\t\t\t\t\t\t\t\t\t\t\t\t\t\t\t<img fetchpriority=\"high\" decoding=\"async\" width=\"768\" height=\"276\" src=\"https:\/\/abreme.com.br\/wp-content\/uploads\/2025\/12\/image001.jpg\" class=\"attachment-large size-large wp-image-6366\" alt=\"\" srcset=\"https:\/\/abreme.com.br\/wp-content\/uploads\/2025\/12\/image001.jpg 768w, https:\/\/abreme.com.br\/wp-content\/uploads\/2025\/12\/image001-300x108.jpg 300w, https:\/\/abreme.com.br\/wp-content\/uploads\/2025\/12\/image001-600x216.jpg 600w\" sizes=\"(max-width: 768px) 100vw, 768px\" \/>\t\t\t\t\t\t\t\t\t\t\t\t\t\t\t<\/div>\n\t\t\t\t<\/div>\n\t\t\t\t<div class=\"elementor-element elementor-element-2407fa13 elementor-widget elementor-widget-text-editor\" data-id=\"2407fa13\" data-element_type=\"widget\" data-widget_type=\"text-editor.default\">\n\t\t\t\t<div class=\"elementor-widget-container\">\n\t\t\t\t\t\t\t\t\t\n<p class=\"v1MsoNormal\"><b>Institucional<\/b><\/p>\n<p class=\"v1MsoNormal\"><b>Nota de Esclarecimento<\/b><\/p>\n<p class=\"v1MsoNormal\">Em rela\u00e7\u00e3o \u00e0 reportagem \u201cQue imposto \u00e9 esse: decis\u00e3o da Justi\u00e7a pode dar mais tempo a empresa para apurar dividendo sem imposto\u201d, a Receita Federal informa que \u00e9 bastante simples garantir o direito \u00e0 n\u00e3o reten\u00e7\u00e3o do IRRF no caso de lucros apurados at\u00e9 2025, evitando transtornos caso a liminar mencionada na reportagem seja posteriormente revogada.<\/p>\n<p class=\"v1MsoNormal\">O documento Perguntas e Respostas sobre a Tributa\u00e7\u00e3o de Altas Rendas, publicado pela Receita Federal em 17\/12\/2025, foi elaborado ap\u00f3s di\u00e1logo com o Conselho Federal de Contabilidade e teve como objetivo responder aos questionamentos mais frequentes dos setores envolvidos, de forma clara, objetiva e plenamente alinhada \u00e0 normatiza\u00e7\u00e3o cont\u00e1bil vigente.<\/p>\n<p class=\"v1MsoNormal\">O material busca orientar os contribuintes, conferir maior seguran\u00e7a jur\u00eddica e contribuir para a preven\u00e7\u00e3o de lit\u00edgios.<\/p>\n<p class=\"v1MsoNormal\">No caso mencionado, basta elaborar balan\u00e7o intermedi\u00e1rio ou balancete de verifica\u00e7\u00e3o, viabilizando a frui\u00e7\u00e3o do direito \u00e0 n\u00e3o reten\u00e7\u00e3o do IR<b>\u00a0nos termos do\u00a0<\/b>item 9 do Perguntas e Respostas.<\/p>\n<p class=\"v1MsoNormal\">Assim, mesmo no caso de liminar, a Receita Federal orienta e recomenda a seguir o procedimento acima, no esfor\u00e7o de coopera\u00e7\u00e3o e conformidade.<\/p>\n<p class=\"v1MsoNormal\">\u00a0<\/p>\n<p class=\"v1MsoNormal\">Link para acessar as\u00a0<b>Perguntas e Respostas sobre Tributa\u00e7\u00e3o de Altas Rendas &#8211; Considera\u00e7\u00f5es sobre Lucros e Dividendos 2025:<\/b><\/p>\n<p class=\"v1MsoNormal\"><a href=\"https:\/\/www.gov.br\/receitafederal\/pt-br\/centrais-de-conteudo\/publicacoes\/perguntas-e-respostas\/dirf\/perguntas-e-respostas-sobre-tributacao-de-altas-rendas_consideracoes-sobre-lucros-e-dividendos2025.pdf\/view\" target=\"_blank\" rel=\"noopener noreferrer\">https:\/\/www.gov.br\/receitafederal\/pt-br\/centrais-de-conteudo\/publicacoes\/perguntas-e-respostas\/dirf\/perguntas-e-respostas-sobre-tributacao-de-altas-rendas_consideracoes-sobre-lucros-e-dividendos2025.pdf\/view<\/a><\/p>\n<p class=\"v1MsoNormal\"><b>\u00a0<\/b><\/p>\n\t\t\t\t\t\t\t\t<\/div>\n\t\t\t\t<\/div>\n\t\t\t\t\t<\/div>\n\t\t\t\t<\/div>\n\t\t\t\t<\/div>\n\t\t","protected":false},"excerpt":{"rendered":"<p>Institucional Nota de Esclarecimento Em rela\u00e7\u00e3o \u00e0 reportagem \u201cQue imposto \u00e9 esse: decis\u00e3o da Justi\u00e7a pode dar mais tempo a empresa para apurar dividendo sem imposto\u201d, a Receita Federal informa que \u00e9 bastante simples garantir o direito \u00e0 n\u00e3o reten\u00e7\u00e3o do IRRF no caso de lucros apurados at\u00e9 2025, evitando transtornos caso a liminar mencionada na reportagem seja posteriormente revogada. O documento Perguntas e Respostas sobre a Tributa\u00e7\u00e3o de Altas Rendas, publicado pela Receita Federal em 17\/12\/2025, foi elaborado ap\u00f3s di\u00e1logo com o Conselho Federal de Contabilidade e teve como objetivo responder aos questionamentos mais frequentes dos setores envolvidos, de forma clara, objetiva e plenamente alinhada \u00e0 normatiza\u00e7\u00e3o cont\u00e1bil vigente. O material busca orientar os contribuintes, conferir maior seguran\u00e7a jur\u00eddica e contribuir para a preven\u00e7\u00e3o de lit\u00edgios. No caso mencionado, basta elaborar balan\u00e7o intermedi\u00e1rio ou balancete de verifica\u00e7\u00e3o, viabilizando a frui\u00e7\u00e3o do direito \u00e0 n\u00e3o reten\u00e7\u00e3o do IR\u00a0nos termos do\u00a0item 9 do Perguntas e Respostas. Assim, mesmo no caso de liminar, a Receita Federal orienta e recomenda a seguir o procedimento acima, no esfor\u00e7o de coopera\u00e7\u00e3o e conformidade. \u00a0 Link para acessar as\u00a0Perguntas e Respostas sobre Tributa\u00e7\u00e3o de Altas Rendas &#8211; Considera\u00e7\u00f5es sobre Lucros e Dividendos 2025: https:\/\/www.gov.br\/receitafederal\/pt-br\/centrais-de-conteudo\/publicacoes\/perguntas-e-respostas\/dirf\/perguntas-e-respostas-sobre-tributacao-de-altas-rendas_consideracoes-sobre-lucros-e-dividendos2025.pdf\/view \u00a0<\/p>\n","protected":false},"author":5,"featured_media":0,"comment_status":"open","ping_status":"open","sticky":false,"template":"","format":"standard","meta":{"site-sidebar-layout":"default","site-content-layout":"","ast-site-content-layout":"default","site-content-style":"default","site-sidebar-style":"default","ast-global-header-display":"","ast-banner-title-visibility":"","ast-main-header-display":"","ast-hfb-above-header-display":"","ast-hfb-below-header-display":"","ast-hfb-mobile-header-display":"","site-post-title":"","ast-breadcrumbs-content":"","ast-featured-img":"","footer-sml-layout":"","ast-disable-related-posts":"","theme-transparent-header-meta":"","adv-header-id-meta":"","stick-header-meta":"","header-above-stick-meta":"","header-main-stick-meta":"","header-below-stick-meta":"","astra-migrate-meta-layouts":"default","ast-page-background-enabled":"default","ast-page-background-meta":{"desktop":{"background-color":"var(--ast-global-color-4)","background-image":"","background-repeat":"repeat","background-position":"center center","background-size":"auto","background-attachment":"scroll","background-type":"","background-media":"","overlay-type":"","overlay-color":"","overlay-opacity":"","overlay-gradient":""},"tablet":{"background-color":"","background-image":"","background-repeat":"repeat","background-position":"center center","background-size":"auto","background-attachment":"scroll","background-type":"","background-media":"","overlay-type":"","overlay-color":"","overlay-opacity":"","overlay-gradient":""},"mobile":{"background-color":"","background-image":"","background-repeat":"repeat","background-position":"center center","background-size":"auto","background-attachment":"scroll","background-type":"","background-media":"","overlay-type":"","overlay-color":"","overlay-opacity":"","overlay-gradient":""}},"ast-content-background-meta":{"desktop":{"background-color":"var(--ast-global-color-5)","background-image":"","background-repeat":"repeat","background-position":"center center","background-size":"auto","background-attachment":"scroll","background-type":"","background-media":"","overlay-type":"","overlay-color":"","overlay-opacity":"","overlay-gradient":""},"tablet":{"background-color":"var(--ast-global-color-5)","background-image":"","background-repeat":"repeat","background-position":"center center","background-size":"auto","background-attachment":"scroll","background-type":"","background-media":"","overlay-type":"","overlay-color":"","overlay-opacity":"","overlay-gradient":""},"mobile":{"background-color":"var(--ast-global-color-5)","background-image":"","background-repeat":"repeat","background-position":"center center","background-size":"auto","background-attachment":"scroll","background-type":"","background-media":"","overlay-type":"","overlay-color":"","overlay-opacity":"","overlay-gradient":""}},"footnotes":""},"categories":[2],"tags":[],"class_list":["post-6365","post","type-post","status-publish","format-standard","hentry","category-blog"],"_links":{"self":[{"href":"https:\/\/abreme.com.br\/index.php?rest_route=\/wp\/v2\/posts\/6365","targetHints":{"allow":["GET"]}}],"collection":[{"href":"https:\/\/abreme.com.br\/index.php?rest_route=\/wp\/v2\/posts"}],"about":[{"href":"https:\/\/abreme.com.br\/index.php?rest_route=\/wp\/v2\/types\/post"}],"author":[{"embeddable":true,"href":"https:\/\/abreme.com.br\/index.php?rest_route=\/wp\/v2\/users\/5"}],"replies":[{"embeddable":true,"href":"https:\/\/abreme.com.br\/index.php?rest_route=%2Fwp%2Fv2%2Fcomments&post=6365"}],"version-history":[{"count":4,"href":"https:\/\/abreme.com.br\/index.php?rest_route=\/wp\/v2\/posts\/6365\/revisions"}],"predecessor-version":[{"id":6370,"href":"https:\/\/abreme.com.br\/index.php?rest_route=\/wp\/v2\/posts\/6365\/revisions\/6370"}],"wp:attachment":[{"href":"https:\/\/abreme.com.br\/index.php?rest_route=%2Fwp%2Fv2%2Fmedia&parent=6365"}],"wp:term":[{"taxonomy":"category","embeddable":true,"href":"https:\/\/abreme.com.br\/index.php?rest_route=%2Fwp%2Fv2%2Fcategories&post=6365"},{"taxonomy":"post_tag","embeddable":true,"href":"https:\/\/abreme.com.br\/index.php?rest_route=%2Fwp%2Fv2%2Ftags&post=6365"}],"curies":[{"name":"wp","href":"https:\/\/api.w.org\/{rel}","templated":true}]}}