
{"id":6377,"date":"2025-12-22T20:02:38","date_gmt":"2025-12-22T20:02:38","guid":{"rendered":"https:\/\/abreme.com.br\/?p=6377"},"modified":"2025-12-22T20:07:58","modified_gmt":"2025-12-22T20:07:58","slug":"senado-aprova-reducao-de-incentivos-fiscais-e-maior-tributacao-para-bets-e-fintechs","status":"publish","type":"post","link":"https:\/\/abreme.com.br\/?p=6377","title":{"rendered":"Senado aprova redu\u00e7\u00e3o de incentivos fiscais e maior tributa\u00e7\u00e3o para bets e fintechs"},"content":{"rendered":"\t\t<div data-elementor-type=\"wp-post\" data-elementor-id=\"6377\" class=\"elementor elementor-6377\">\n\t\t\t\t<div class=\"elementor-element elementor-element-cf6868f e-flex e-con-boxed wpr-particle-no wpr-jarallax-no wpr-parallax-no wpr-sticky-section-no wpr-equal-height-no e-con e-parent\" data-id=\"cf6868f\" data-element_type=\"container\">\n\t\t\t\t\t<div class=\"e-con-inner\">\n\t\t\t\t<div class=\"elementor-element elementor-element-f8710ca elementor-widget elementor-widget-image\" data-id=\"f8710ca\" data-element_type=\"widget\" data-widget_type=\"image.default\">\n\t\t\t\t<div class=\"elementor-widget-container\">\n\t\t\t\t\t\t\t\t\t\t\t\t<figure class=\"wp-caption\">\n\t\t\t\t\t\t\t\t\t\t<img fetchpriority=\"high\" decoding=\"async\" width=\"860\" height=\"570\" src=\"https:\/\/abreme.com.br\/wp-content\/uploads\/2025\/12\/imagem_materia.jpg\" class=\"attachment-large size-large wp-image-6379\" alt=\"\" srcset=\"https:\/\/abreme.com.br\/wp-content\/uploads\/2025\/12\/imagem_materia.jpg 860w, https:\/\/abreme.com.br\/wp-content\/uploads\/2025\/12\/imagem_materia-300x199.jpg 300w, https:\/\/abreme.com.br\/wp-content\/uploads\/2025\/12\/imagem_materia-768x509.jpg 768w, https:\/\/abreme.com.br\/wp-content\/uploads\/2025\/12\/imagem_materia-600x398.jpg 600w\" sizes=\"(max-width: 860px) 100vw, 860px\" \/>\t\t\t\t\t\t\t\t\t\t\t<figcaption class=\"widget-image-caption wp-caption-text\">O relator do projeto no Senado foi Randolfe Rodrigues, que \u00e9 o l\u00edder do governo no Congresso Nacional. Foto: Waldemir Barreto\/Ag\u00eancia Senado<\/figcaption>\n\t\t\t\t\t\t\t\t\t\t<\/figure>\n\t\t\t\t\t\t\t\t\t<\/div>\n\t\t\t\t<\/div>\n\t\t\t\t\t<\/div>\n\t\t\t\t<\/div>\n\t\t<div class=\"elementor-element elementor-element-d9aebe7 e-flex e-con-boxed wpr-particle-no wpr-jarallax-no wpr-parallax-no wpr-sticky-section-no wpr-equal-height-no e-con e-parent\" data-id=\"d9aebe7\" data-element_type=\"container\">\n\t\t\t\t\t<div class=\"e-con-inner\">\n\t\t\t\t<div class=\"elementor-element elementor-element-6b807ba elementor-widget elementor-widget-text-editor\" data-id=\"6b807ba\" data-element_type=\"widget\" data-widget_type=\"text-editor.default\">\n\t\t\t\t<div class=\"elementor-widget-container\">\n\t\t\t\t\t\t\t\t\t<p class=\"v1MsoNormal\" style=\"margin: 0cm; font-size: 12pt; font-family: Aptos, sans-serif; color: #333333; font-style: normal; font-weight: 400;\"><b>Saiba mais<\/b><\/p><ul style=\"margin-bottom: 0cm; color: #333333; font-family: 'Lucida Grande', Verdana, Arial, Helvetica, sans-serif; font-size: 11px; font-style: normal; font-weight: 400; margin-top: 0cm;\" type=\"disc\"><li class=\"v1MsoNormal\" style=\"margin: 0cm; font-size: 12pt; font-family: Aptos, sans-serif;\"><a style=\"color: #467886;\" href=\"https:\/\/www25.senado.leg.br\/web\/atividade\/materias\/-\/materia\/172144\/votacoes#votacao_7042\" target=\"_blank\" rel=\"noopener noreferrer\">Veja o placar da vota\u00e7\u00e3o e como cada senador votou<\/a><\/li><\/ul><p class=\"v1MsoNormal\" style=\"margin: 0cm; font-size: 12pt; font-family: Aptos, sans-serif; color: #333333; font-style: normal; font-weight: 400;\"><b>Proposi\u00e7\u00f5es legislativas<\/b><\/p><ul style=\"margin-bottom: 0cm; color: #333333; font-family: 'Lucida Grande', Verdana, Arial, Helvetica, sans-serif; font-size: 11px; font-style: normal; font-weight: 400; margin-top: 0cm;\" type=\"disc\"><li class=\"v1MsoNormal\" style=\"margin: 0cm; font-size: 12pt; font-family: Aptos, sans-serif;\"><a style=\"color: #467886;\" href=\"http:\/\/www25.senado.leg.br\/web\/atividade\/materias\/-\/materia\/172144\" target=\"_blank\" rel=\"noopener noreferrer\">PLP 128\/2025<\/a><\/li><\/ul><p class=\"v1MsoNormal\" style=\"margin: 0cm; font-size: 12pt; font-family: Aptos, sans-serif; color: #333333; font-style: normal; font-weight: 400;\">O Plen\u00e1rio do Senado aprovou na noite desta quarta-feira (17)\u00a0o projeto de lei que reduz em 10% os benef\u00edcios fiscais federais de diversos setores e, simultaneamente, aumenta a tributa\u00e7\u00e3o de\u00a0<i>bets<\/i>\u00a0e\u00a0<i>fintechs<\/i>. Al\u00e9m disso, o texto aumenta a tributa\u00e7\u00e3o dos juros sobre o capital pr\u00f3prio (JCP).<\/p><p class=\"v1MsoNormal\" style=\"margin: 0cm; font-size: 12pt; font-family: Aptos, sans-serif; color: #333333; font-style: normal; font-weight: 400;\">O projeto (<a style=\"color: #467886;\" href=\"https:\/\/www25.senado.leg.br\/web\/atividade\/materias\/-\/materia\/172144\" target=\"_blank\" rel=\"noopener noreferrer\">PLP 128\/2025<\/a>) recebeu 62 votos a favor e 6 contra \u2014\u00a0<a style=\"color: #467886;\" href=\"https:\/\/www25.senado.leg.br\/web\/atividade\/materias\/-\/materia\/172144\/votacoes#votacao_7042\" target=\"_blank\" rel=\"noopener noreferrer\">veja o placar e como cada senador votou<\/a>.\u00a0Agora o texto segue para a san\u00e7\u00e3o da Presid\u00eancia da Rep\u00fablica.<\/p><p class=\"v1MsoNormal\" style=\"margin: 0cm; font-size: 12pt; font-family: Aptos, sans-serif; color: #333333; font-style: normal; font-weight: 400;\"><i>Bets<\/i>\u00a0s\u00e3o as empresas de apostas esportivas on-line, enquanto\u00a0<i>fintechs\u00a0<\/i>s\u00e3o empresas de tecnologia que oferecem servi\u00e7os financeiros similares aos servi\u00e7os oferecidos por bancos.<\/p><p class=\"v1MsoNormal\" style=\"margin: 0cm; font-size: 12pt; font-family: Aptos, sans-serif; color: #333333; font-style: normal; font-weight: 400;\">O relator da mat\u00e9ria foi o\u00a0senador Randolfe Rodrigues (PT-AP), que \u00e9 o l\u00edder do governo no Congresso. Ele apresentou parecer favor\u00e1vel \u00e0 iniciativa.\u00a0<\/p><p class=\"v1MsoNormal\" style=\"margin: 0cm; font-size: 12pt; font-family: Aptos, sans-serif; color: #333333; font-style: normal; font-weight: 400;\">Ao defender o projeto, Randolfe disse que os benef\u00edcios fiscais concedidos pelo governo federal devem ser constantemente avaliados e monitorados, para impedir o aumento das desigualdades sociais.<\/p><p class=\"v1MsoNormal\" style=\"margin: 0cm; font-size: 12pt; font-family: Aptos, sans-serif; color: #333333; font-style: normal; font-weight: 400;\">\u2014 Trata-se, ent\u00e3o, de proposta que aponta para a redu\u00e7\u00e3o de incentivos, para maior transpar\u00eancia e controle sobre os valores, caminhando para maior responsabilidade fiscal e, ao mesmo tempo, para o combate de distor\u00e7\u00f5es causadas pela falta de avalia\u00e7\u00e3o de tais medidas [concess\u00e3o de incentivos] \u2014 afirmou ele.<\/p><p class=\"v1MsoNormal\" style=\"margin: 0cm; font-size: 12pt; font-family: Aptos, sans-serif; color: #333333; font-style: normal; font-weight: 400;\">Os cortes de benef\u00edcios dever\u00e3o ser realizados de acordo com o tipo de mecanismo de concess\u00e3o. O projeto tamb\u00e9m prev\u00ea novas regras de transpar\u00eancia e controle de resultados na\u00a0<a style=\"color: #467886;\" href=\"https:\/\/normas.leg.br\/?urn=urn:lex:br:federal:lei.complementar:2000-05-04;101\" target=\"_blank\" rel=\"noopener noreferrer\">Lei de Responsabilidade Fiscal<\/a>.<\/p><p class=\"v1MsoNormal\" style=\"margin: 0cm; font-size: 12pt; font-family: Aptos, sans-serif; color: #333333; font-style: normal; font-weight: 400;\">A redu\u00e7\u00e3o prevista se refere aos incentivos e benef\u00edcios relativos aos seguintes tributos federais:<\/p><ul style=\"margin-bottom: 0cm; color: #333333; font-family: 'Lucida Grande', Verdana, Arial, Helvetica, sans-serif; font-size: 11px; font-style: normal; font-weight: 400; margin-top: 0cm;\" type=\"disc\"><li class=\"v1MsoNormal\" style=\"margin: 0cm; font-size: 12pt; font-family: Aptos, sans-serif;\">PIS\/Pasep e PIS\/Pasep-Importa\u00e7\u00e3o;<\/li><li class=\"v1MsoNormal\" style=\"margin: 0cm; font-size: 12pt; font-family: Aptos, sans-serif;\">Cofins e Cofins-Importa\u00e7\u00e3o;<\/li><li class=\"v1MsoNormal\" style=\"margin: 0cm; font-size: 12pt; font-family: Aptos, sans-serif;\">IPI, IRPJ e CSLL;<\/li><li class=\"v1MsoNormal\" style=\"margin: 0cm; font-size: 12pt; font-family: Aptos, sans-serif;\">Imposto de Importa\u00e7\u00e3o; e<\/li><li class=\"v1MsoNormal\" style=\"margin: 0cm; font-size: 12pt; font-family: Aptos, sans-serif;\">contribui\u00e7\u00e3o previdenci\u00e1ria do empregador, da empresa e da entidade a ela equiparada.<\/li><\/ul><p class=\"v1MsoNormal\" style=\"margin: 0cm; font-size: 12pt; font-family: Aptos, sans-serif; color: #333333; font-style: normal; font-weight: 400;\">De acordo com o texto aprovado, o Executivo ter\u00e1 certa discricionariedade, pois a redu\u00e7\u00e3o abrange os gastos tribut\u00e1rios listados no demonstrativo anexo \u00e0 Lei Or\u00e7ament\u00e1ria de 2026 ou os institu\u00eddos por meio de v\u00e1rios regimes, observadas as exce\u00e7\u00f5es. O demonstrativo inclui programas, como, por exemplo, o Programa Emergencial de Retomada do Setor de Eventos (Perse), e produtos ou servi\u00e7os espec\u00edficos, como, por exemplo, o leasing de aeronaves.<\/p><p class=\"v1MsoNormal\" style=\"margin: 0cm; font-size: 12pt; font-family: Aptos, sans-serif; color: #333333; font-style: normal; font-weight: 400;\">A lista de regimes inclui at\u00e9 a tributa\u00e7\u00e3o pelo lucro presumido, em que as empresas usam certos m\u00e9todos para presumir o lucro tribut\u00e1vel. O texto permite um aumento de 10% no resultado final da base de c\u00e1lculo sobre a qual incidir\u00e1 o imposto presumido, mas apenas sobre a parcela da receita bruta total maior que R$ 5 milh\u00f5es no ano-calend\u00e1rio.<\/p><p class=\"v1MsoNormal\" style=\"margin: 0cm; font-size: 12pt; font-family: Aptos, sans-serif; color: #333333; font-style: normal; font-weight: 400;\">O senador Efraim Filho (Uni\u00e3o-PB) ressaltou que o projeto prev\u00ea o corte linear de benef\u00edcios fiscais. Ele disse que o projeto contribui para o equil\u00edbrio fiscal no que se refere \u00e0 despesa p\u00fablica.<\/p><p class=\"v1MsoNormal\" style=\"margin: 0cm; font-size: 12pt; font-family: Aptos, sans-serif; color: #333333; font-style: normal; font-weight: 400;\">\u2014 Existem incentivos que s\u00e3o extremamente v\u00e1lidos e outros que s\u00e3o question\u00e1veis. O corte linear acabou sendo a medida que impacta de uma forma mais equilibrada. (&#8230;) Este Congresso j\u00e1 colocou um p\u00e9 na porta; derrotamos medidas de aumento de impostos junto ao setor produtivo, como a relacionada \u00e0 LCA, no agro, e \u00e0 LCI, no mercado imobili\u00e1rio e na constru\u00e7\u00e3o civil. (&#8230;) O projeto traz corte de gastos, faz o equil\u00edbrio fiscal pelo lado da despesa, qualifica o gasto p\u00fablico, elimina o desperd\u00edcio e reduz gastos \u2014 argumentou Efraim.<\/p><p class=\"v1MsoNormal\" style=\"margin: 0cm; font-size: 12pt; font-family: Aptos, sans-serif; color: #333333; font-style: normal; font-weight: 400;\">A op\u00e7\u00e3o de redu\u00e7\u00e3o inclui\u00a0os benef\u00edcios do Regime Especial da Ind\u00fastria Qu\u00edmica (Reiq); de cr\u00e9dito presumido de IPI obtido por empresa exportadora quanto \u00e0 compra, no mercado interno, de embalagens e mat\u00e9rias-primas; e de cr\u00e9dito presumido de PIS\/Cofins, inclusive na importa\u00e7\u00e3o, nos seguintes casos: de produtos farmac\u00eauticos; de mercadorias de origem animal ou vegetal; mercadorias de origem animal para exporta\u00e7\u00e3o; farinhas e \u00f3leos vegetais; de PIS\/Cofins na exporta\u00e7\u00e3o de caf\u00e9; PIS\/Cofins sobre exporta\u00e7\u00e3o de c\u00edtricos; PIS\/Cofins sobre receitas de transporte regular rodovi\u00e1rio de passageiros intermunicipal e interestadual.<\/p><p class=\"v1MsoNormal\" style=\"margin: 0cm; font-size: 12pt; font-family: Aptos, sans-serif; color: #333333; font-style: normal; font-weight: 400;\">Al\u00e9m dos casos de cr\u00e9dito presumido, poder\u00e3o ser objeto de redu\u00e7\u00e3o as al\u00edquotas zero de PIS\/Cofins a que t\u00eam direito os importadores de agrot\u00f3xicos e fertilizantes, assim como os importadores de nafta petroqu\u00edmica quanto a esses tributos reduzidos.<\/p><p class=\"v1MsoNormal\" style=\"margin: 0cm; font-size: 12pt; font-family: Aptos, sans-serif; color: #333333; font-style: normal; font-weight: 400;\"><b>Exce\u00e7\u00f5es<\/b><\/p><p class=\"v1MsoNormal\" style=\"margin: 0cm; font-size: 12pt; font-family: Aptos, sans-serif; color: #333333; font-style: normal; font-weight: 400;\">A senadora Teresa Leit\u00e3o (PT-PE) elogiou o projeto por determinar que a redu\u00e7\u00e3o n\u00e3o atingir\u00e1 imunidades constitucionais (como entidades religiosas, partidos pol\u00edticos e livros, por exemplo) e os seguintes casos:<\/p><ul style=\"margin-bottom: 0cm; color: #333333; font-family: 'Lucida Grande', Verdana, Arial, Helvetica, sans-serif; font-size: 11px; font-style: normal; font-weight: 400; margin-top: 0cm;\" type=\"disc\"><li class=\"v1MsoNormal\" style=\"margin: 0cm; font-size: 12pt; font-family: Aptos, sans-serif;\">benef\u00edcios concedidos a empresas estabelecidas na Zona Franca de Manaus (ZFM) e nas \u00e1reas de livre com\u00e9rcio (ALC);<\/li><li class=\"v1MsoNormal\" style=\"margin: 0cm; font-size: 12pt; font-family: Aptos, sans-serif;\">produtos da cesta b\u00e1sica nacional de alimentos definida pela reforma tribut\u00e1ria;<\/li><li class=\"v1MsoNormal\" style=\"margin: 0cm; font-size: 12pt; font-family: Aptos, sans-serif;\">benef\u00edcio concedido a entidade filantr\u00f3pica sem fins lucrativos habilitada na forma da legisla\u00e7\u00e3o;<\/li><li class=\"v1MsoNormal\" style=\"margin: 0cm; font-size: 12pt; font-family: Aptos, sans-serif;\">Simples Nacional;<\/li><li class=\"v1MsoNormal\" style=\"margin: 0cm; font-size: 12pt; font-family: Aptos, sans-serif;\">benef\u00edcios tribut\u00e1rios limitados a teto quantitativo global para a concess\u00e3o, como o da Lei Aldir Blanc;<\/li><li class=\"v1MsoNormal\" style=\"margin: 0cm; font-size: 12pt; font-family: Aptos, sans-serif;\">benef\u00edcio ligado ao Programa Minha Casa, Minha Vida;<\/li><li class=\"v1MsoNormal\" style=\"margin: 0cm; font-size: 12pt; font-family: Aptos, sans-serif;\">benef\u00edcio ligado ao Programa Universidade para Todos (Prouni);<\/li><li class=\"v1MsoNormal\" style=\"margin: 0cm; font-size: 12pt; font-family: Aptos, sans-serif;\">compensa\u00e7\u00f5es fiscais pela cess\u00e3o de hor\u00e1rio gratuito de propaganda eleitoral;<\/li><li class=\"v1MsoNormal\" style=\"margin: 0cm; font-size: 12pt; font-family: Aptos, sans-serif;\">desonera\u00e7\u00e3o da folha de pagamentos (Contribui\u00e7\u00e3o Previdenci\u00e1ria sobre a Receita Bruta \u2013 CPRB); e<\/li><li class=\"v1MsoNormal\" style=\"margin: 0cm; font-size: 12pt; font-family: Aptos, sans-serif;\">benef\u00edcios relativos \u00e0 pol\u00edtica industrial para o setor de tecnologias da informa\u00e7\u00e3o e comunica\u00e7\u00e3o e para o setor de semicondutores.<\/li><li class=\"v1MsoNormal\" style=\"margin: 0cm; font-size: 12pt; font-family: Aptos, sans-serif;\">N\u00e3o ser\u00e3o cortados, tamb\u00e9m, os benef\u00edcios concedidos por prazo determinado a contribuintes que j\u00e1 tenham cumprido condi\u00e7\u00e3o onerosa para sua frui\u00e7\u00e3o, como o alcance de metas em programas em troca da ren\u00fancia fiscal.\u00a0<\/li><\/ul><p class=\"v1MsoNormal\" style=\"margin: 0cm; font-size: 12pt; font-family: Aptos, sans-serif; color: #333333; font-style: normal; font-weight: 400;\">Al\u00e9m disso, a redu\u00e7\u00e3o n\u00e3o atinge produtos que tenham algum tipo de incentivo ligado \u00e0 cobran\u00e7a de al\u00edquotas expressas em reais por unidade de medida.<\/p><p class=\"v1MsoNormal\" style=\"margin: 0cm; font-size: 12pt; font-family: Aptos, sans-serif; color: #333333; font-style: normal; font-weight: 400;\">Caber\u00e1 ao Executivo regulamentar as exce\u00e7\u00f5es, inclusive para orientar os contribuintes sobre cada incentivo e benef\u00edcio reduzido.<\/p><p class=\"v1MsoNormal\" style=\"margin: 0cm; font-size: 12pt; font-family: Aptos, sans-serif; color: #333333; font-style: normal; font-weight: 400;\"><b>PIB<\/b><\/p><p class=\"v1MsoNormal\" style=\"margin: 0cm; font-size: 12pt; font-family: Aptos, sans-serif; color: #333333; font-style: normal; font-weight: 400;\">Caso o valor total dos incentivos e benef\u00edcios tribut\u00e1rios ultrapasse o equivalente a 2% do Produto Interno Bruto (PIB), ser\u00e1 proibida a sua concess\u00e3o, amplia\u00e7\u00e3o ou prorroga\u00e7\u00e3o.<\/p><p class=\"v1MsoNormal\" style=\"margin: 0cm; font-size: 12pt; font-family: Aptos, sans-serif; color: #333333; font-style: normal; font-weight: 400;\">Para esse c\u00e1lculo dever\u00e1 ser utilizada a estimativa do PIB divulgada pelo Minist\u00e9rio da Fazenda no ano anterior ao ano de refer\u00eancia da Lei Or\u00e7ament\u00e1ria Anual (LOA).<\/p><p class=\"v1MsoNormal\" style=\"margin: 0cm; font-size: 12pt; font-family: Aptos, sans-serif; color: #333333; font-style: normal; font-weight: 400;\">Segundo estimativas do governo, atualmente os benef\u00edcios tribut\u00e1rios brasileiros podem chegar a R$ 800 bilh\u00f5es anuais.<\/p><p class=\"v1MsoNormal\" style=\"margin: 0cm; font-size: 12pt; font-family: Aptos, sans-serif; color: #333333; font-style: normal; font-weight: 400;\">J\u00e1 os valores apur\u00e1veis s\u00e3o aqueles objetos de redu\u00e7\u00e3o pelo projeto, exclu\u00eddas as exce\u00e7\u00f5es.<\/p><p class=\"v1MsoNormal\" style=\"margin: 0cm; font-size: 12pt; font-family: Aptos, sans-serif; color: #333333; font-style: normal; font-weight: 400;\">Esse limite n\u00e3o ser\u00e1 usado se a concess\u00e3o, amplia\u00e7\u00e3o ou prorroga\u00e7\u00e3o estiver acompanhada de medidas de compensa\u00e7\u00e3o para todo o per\u00edodo de vig\u00eancia do incentivo ou benef\u00edcio tribut\u00e1rio.<\/p><p class=\"v1MsoNormal\" style=\"margin: 0cm; font-size: 12pt; font-family: Aptos, sans-serif; color: #333333; font-style: normal; font-weight: 400;\"><b>Crimes tribut\u00e1rios<\/b><\/p><p class=\"v1MsoNormal\" style=\"margin: 0cm; font-size: 12pt; font-family: Aptos, sans-serif; color: #333333; font-style: normal; font-weight: 400;\">Na lei sobre crimes tribut\u00e1rios (<a style=\"color: #467886;\" href=\"http:\/\/normas.leg.br\/?urn=urn:lex:br:federal:lei:1990-12-27;8137\" target=\"_blank\" rel=\"noopener noreferrer\">Lei 8.137, de 1990<\/a>), o texto inclui como agravante das penas fixadas o fato de o crime estar relacionado a bens contemplados com imunidades tribut\u00e1rias constitucionais.<\/p><p class=\"v1MsoNormal\" style=\"margin: 0cm; font-size: 12pt; font-family: Aptos, sans-serif; color: #333333; font-style: normal; font-weight: 400;\"><b>Bets<\/b><\/p><p class=\"v1MsoNormal\" style=\"margin: 0cm; font-size: 12pt; font-family: Aptos, sans-serif; color: #333333; font-style: normal; font-weight: 400;\">A pedido do governo, para ajudar a fechar o Or\u00e7amento de 2026, a C\u00e2mara dos Deputados incluiu no texto dispositivos de aumento de tributos. Um deles \u00e9 para as\u00a0<i>bets<\/i>: passar\u00e1 dos atuais 12% para 13% em 2026, 14% em 2027 e 15% em 2028.<\/p><p class=\"v1MsoNormal\" style=\"margin: 0cm; font-size: 12pt; font-family: Aptos, sans-serif; color: #333333; font-style: normal; font-weight: 400;\">A previs\u00e3o \u00e9 que metade desse aumento ir\u00e1 para a seguridade social e metade para a\u00e7\u00f5es de sa\u00fade.<\/p><p class=\"v1MsoNormal\" style=\"margin: 0cm; font-size: 12pt; font-family: Aptos, sans-serif; color: #333333; font-style: normal; font-weight: 400;\">A fim de tornar a fiscaliza\u00e7\u00e3o mais rigorosa, o texto prev\u00ea que podem responder solidariamente com as\u00a0<i>bets<\/i>, em rela\u00e7\u00e3o aos tributos incidentes, aqueles que divulgarem publicidade de\u00a0<i>bets<\/i>\u00a0n\u00e3o autorizadas ou aquelas institui\u00e7\u00f5es que continuarem a operar com\u00a0<i>bets<\/i>\u00a0n\u00e3o autorizadas ap\u00f3s comunica\u00e7\u00e3o formal.<\/p><p class=\"v1MsoNormal\" style=\"margin: 0cm; font-size: 12pt; font-family: Aptos, sans-serif; color: #333333; font-style: normal; font-weight: 400;\"><b>Juros sobre capital pr\u00f3prio<\/b><\/p><p class=\"v1MsoNormal\" style=\"margin: 0cm; font-size: 12pt; font-family: Aptos, sans-serif; color: #333333; font-style: normal; font-weight: 400;\">Outro ponto muito discutido sobre o projeto \u00e9 o aumento de 15% para 17,5% de Imposto de Renda na fonte incidente nos juros sobre capital pr\u00f3prio (JCP). Os juros s\u00e3o distribu\u00eddos por empresas aos s\u00f3cios a t\u00edtulo de remunera\u00e7\u00e3o do capital.<\/p><p class=\"v1MsoNormal\" style=\"margin: 0cm; font-size: 12pt; font-family: Aptos, sans-serif; color: #333333; font-style: normal; font-weight: 400;\"><b>Fintechs<\/b><\/p><p class=\"v1MsoNormal\" style=\"margin: 0cm; font-size: 12pt; font-family: Aptos, sans-serif; color: #333333; font-style: normal; font-weight: 400;\">O aumento da CSLL sobre certas institui\u00e7\u00f5es financeiras tamb\u00e9m \u00e9 previsto pelo projeto, mas com grada\u00e7\u00f5es.\u00a0<i>Fintechs<\/i>\u00a0e sociedades de capitaliza\u00e7\u00e3o deixam de pagar 15% e passam a recolher 17,5% at\u00e9 31 de dezembro de 2027 e 20% a partir de 2028.<\/p><p class=\"v1MsoNormal\" style=\"margin: 0cm; font-size: 12pt; font-family: Aptos, sans-serif; color: #333333; font-style: normal; font-weight: 400;\">J\u00e1 o \u00edndice de 9% passa para 12% at\u00e9 31 de dezembro de 2027 e para 15% a partir de 2028 nos seguintes casos:<\/p><ul style=\"margin-bottom: 0cm; color: #333333; font-family: 'Lucida Grande', Verdana, Arial, Helvetica, sans-serif; font-size: 11px; font-style: normal; font-weight: 400; margin-top: 0cm;\" type=\"disc\"><li class=\"v1MsoNormal\" style=\"margin: 0cm; font-size: 12pt; font-family: Aptos, sans-serif;\">administradores de mercado de balc\u00e3o organizado;<\/li><li class=\"v1MsoNormal\" style=\"margin: 0cm; font-size: 12pt; font-family: Aptos, sans-serif;\">bolsas de valores e mercadorias;<\/li><li class=\"v1MsoNormal\" style=\"margin: 0cm; font-size: 12pt; font-family: Aptos, sans-serif;\">entidades de liquida\u00e7\u00e3o e compensa\u00e7\u00e3o; e<\/li><li class=\"v1MsoNormal\" style=\"margin: 0cm; font-size: 12pt; font-family: Aptos, sans-serif;\">outras sociedades consideradas institui\u00e7\u00f5es financeiras.<\/li><\/ul><p class=\"v1MsoNormal\" style=\"margin: 0cm; font-size: 12pt; font-family: Aptos, sans-serif; color: #333333; font-style: normal; font-weight: 400;\"><b>Restos a pagar<\/b><\/p><p class=\"v1MsoNormal\" style=\"margin: 0cm; font-size: 12pt; font-family: Aptos, sans-serif; color: #333333; font-style: normal; font-weight: 400;\">O projeto revalida restos a pagar n\u00e3o liquidados e antes cancelados a partir de 2023 para liquida\u00e7\u00e3o at\u00e9 o fim de 2026, inclusive de emendas parlamentares.<\/p><p class=\"v1MsoNormal\" style=\"margin: 0cm; font-size: 12pt; font-family: Aptos, sans-serif; color: #333333; font-style: normal; font-weight: 400;\">Os restos a pagar s\u00e3o dota\u00e7\u00f5es que passam de um exerc\u00edcio financeiro ao seguinte e se referem a servi\u00e7os ou obras, por exemplo, que ainda n\u00e3o foram pagos.<\/p><p class=\"v1MsoNormal\" style=\"margin: 0cm; font-size: 12pt; font-family: Aptos, sans-serif; color: #333333; font-style: normal; font-weight: 400;\"><b>Vig\u00eancia<\/b><\/p><p class=\"v1MsoNormal\" style=\"margin: 0cm; font-size: 12pt; font-family: Aptos, sans-serif; color: #333333; font-style: normal; font-weight: 400;\">Quanto \u00e0 vig\u00eancia, a maior parte das mudan\u00e7as entra em vigor em 1\u00ba de janeiro de 2026, exceto aquelas que dependem da noventena (90 dias) para vigorar \u2014 como a diminui\u00e7\u00e3o de ren\u00fancia fiscal, a tributa\u00e7\u00e3o de\u00a0<i>bets<\/i>\u00a0e o aumento da CSLL.<\/p><p class=\"v1MsoNormal\" style=\"margin: 0cm; font-size: 12pt; font-family: Aptos, sans-serif; color: #333333; font-style: normal; font-weight: 400;\">O senador Rog\u00e9rio Marinho (PL-RN), l\u00edder da oposi\u00e7\u00e3o na Casa, acusou o governo federal de aumentar tributos sob o pretexto de favorecer a popula\u00e7\u00e3o carente.<\/p><p class=\"v1MsoNormal\" style=\"margin: 0cm; font-size: 12pt; font-family: Aptos, sans-serif; color: #333333; font-style: normal; font-weight: 400;\">A senadora Tereza Cristina (PP-MS) ponderou que a diminui\u00e7\u00e3o de benef\u00edcios tribut\u00e1rios dos insumos agropecu\u00e1rios pode gerar problemas futuros ao pa\u00eds, pressionando o pre\u00e7o dos alimentos. Para ela, os subs\u00eddios ao agroneg\u00f3cio estimulam a produ\u00e7\u00e3o e fortalecem a seguran\u00e7a alimentar.\u00a0<\/p><p class=\"v1MsoNormal\" style=\"margin: 0cm; font-size: 12pt; font-family: Aptos, sans-serif; color: #333333; font-style: normal; font-weight: 400;\">\u2014 Trata-se de um mecanismo que sustenta a efici\u00eancia produtiva e protege o poder de compra da popula\u00e7\u00e3o. Consolida papel estrat\u00e9gico do agroneg\u00f3cio como motor de desenvolvimento econ\u00f4mico e social do pa\u00eds, promove a atra\u00e7\u00e3o de investimento em tecnologia agr\u00edcola e infraestrutura rural, e fortalece a balan\u00e7a comercial brasileira por meio da expans\u00e3o das exporta\u00e7\u00f5es agropecu\u00e1rias. (&#8230;) N\u00f3s podemos correr o risco de ter infla\u00e7\u00e3o nos alimentos, aumento de pre\u00e7o na produ\u00e7\u00e3o de alimentos \u2014 disse a senadora.<\/p><p class=\"v1MsoNormal\" style=\"margin: 0cm; font-size: 12pt; font-family: Aptos, sans-serif; color: #333333; font-style: normal; font-weight: 400;\">Apesar de fazer essa ressalva, Tereza Cristina apoiou o projeto.<\/p><p class=\"v1MsoNormal\" style=\"margin: 0cm; font-size: 12pt; font-family: Aptos, sans-serif; color: #333333; font-weight: 400;\"><i>Com Ag\u00eancia C\u00e2mara<\/i><\/p><p class=\"v1MsoNormal\" style=\"margin: 0cm; font-size: 12pt; font-family: Aptos, sans-serif; color: #333333; font-weight: 400;\"><i>Ag\u00eancia Senado (Reprodu\u00e7\u00e3o autorizada mediante cita\u00e7\u00e3o da Ag\u00eancia Senado)<\/i><\/p><p class=\"v1MsoNormal\" style=\"margin: 0cm; font-size: 12pt; font-family: Aptos, sans-serif; color: #333333; font-weight: 400;\"><i>Fonte: Ag\u00eancia Senado<\/i><\/p>\t\t\t\t\t\t\t\t<\/div>\n\t\t\t\t<\/div>\n\t\t\t\t\t<\/div>\n\t\t\t\t<\/div>\n\t\t\t\t<\/div>\n\t\t","protected":false},"excerpt":{"rendered":"<p>O relator do projeto no Senado foi Randolfe Rodrigues, que \u00e9 o l\u00edder do governo no Congresso Nacional. Foto: Waldemir Barreto\/Ag\u00eancia Senado Saiba mais Veja o placar da vota\u00e7\u00e3o e como cada senador votou Proposi\u00e7\u00f5es legislativas PLP 128\/2025 O Plen\u00e1rio do Senado aprovou na noite desta quarta-feira (17)\u00a0o projeto de lei que reduz em 10% os benef\u00edcios fiscais federais de diversos setores e, simultaneamente, aumenta a tributa\u00e7\u00e3o de\u00a0bets\u00a0e\u00a0fintechs. Al\u00e9m disso, o texto aumenta a tributa\u00e7\u00e3o dos juros sobre o capital pr\u00f3prio (JCP). O projeto (PLP 128\/2025) recebeu 62 votos a favor e 6 contra \u2014\u00a0veja o placar e como cada senador votou.\u00a0Agora o texto segue para a san\u00e7\u00e3o da Presid\u00eancia da Rep\u00fablica. Bets\u00a0s\u00e3o as empresas de apostas esportivas on-line, enquanto\u00a0fintechs\u00a0s\u00e3o empresas de tecnologia que oferecem servi\u00e7os financeiros similares aos servi\u00e7os oferecidos por bancos. O relator da mat\u00e9ria foi o\u00a0senador Randolfe Rodrigues (PT-AP), que \u00e9 o l\u00edder do governo no Congresso. Ele apresentou parecer favor\u00e1vel \u00e0 iniciativa.\u00a0 Ao defender o projeto, Randolfe disse que os benef\u00edcios fiscais concedidos pelo governo federal devem ser constantemente avaliados e monitorados, para impedir o aumento das desigualdades sociais. \u2014 Trata-se, ent\u00e3o, de proposta que aponta para a redu\u00e7\u00e3o de incentivos, para maior transpar\u00eancia e controle sobre os valores, caminhando para maior responsabilidade fiscal e, ao mesmo tempo, para o combate de distor\u00e7\u00f5es causadas pela falta de avalia\u00e7\u00e3o de tais medidas [concess\u00e3o de incentivos] \u2014 afirmou ele. Os cortes de benef\u00edcios dever\u00e3o ser realizados de acordo com o tipo de mecanismo de concess\u00e3o. O projeto tamb\u00e9m prev\u00ea novas regras de transpar\u00eancia e controle de resultados na\u00a0Lei de Responsabilidade Fiscal. A redu\u00e7\u00e3o prevista se refere aos incentivos e benef\u00edcios relativos aos seguintes tributos federais: PIS\/Pasep e PIS\/Pasep-Importa\u00e7\u00e3o; Cofins e Cofins-Importa\u00e7\u00e3o; IPI, IRPJ e CSLL; Imposto de Importa\u00e7\u00e3o; e contribui\u00e7\u00e3o previdenci\u00e1ria do empregador, da empresa e da entidade a ela equiparada. De acordo com o texto aprovado, o Executivo ter\u00e1 certa discricionariedade, pois a redu\u00e7\u00e3o abrange os gastos tribut\u00e1rios listados no demonstrativo anexo \u00e0 Lei Or\u00e7ament\u00e1ria de 2026 ou os institu\u00eddos por meio de v\u00e1rios regimes, observadas as exce\u00e7\u00f5es. O demonstrativo inclui programas, como, por exemplo, o Programa Emergencial de Retomada do Setor de Eventos (Perse), e produtos ou servi\u00e7os espec\u00edficos, como, por exemplo, o leasing de aeronaves. A lista de regimes inclui at\u00e9 a tributa\u00e7\u00e3o pelo lucro presumido, em que as empresas usam certos m\u00e9todos para presumir o lucro tribut\u00e1vel. O texto permite um aumento de 10% no resultado final da base de c\u00e1lculo sobre a qual incidir\u00e1 o imposto presumido, mas apenas sobre a parcela da receita bruta total maior que R$ 5 milh\u00f5es no ano-calend\u00e1rio. O senador Efraim Filho (Uni\u00e3o-PB) ressaltou que o projeto prev\u00ea o corte linear de benef\u00edcios fiscais. Ele disse que o projeto contribui para o equil\u00edbrio fiscal no que se refere \u00e0 despesa p\u00fablica. \u2014 Existem incentivos que s\u00e3o extremamente v\u00e1lidos e outros que s\u00e3o question\u00e1veis. O corte linear acabou sendo a medida que impacta de uma forma mais equilibrada. (&#8230;) Este Congresso j\u00e1 colocou um p\u00e9 na porta; derrotamos medidas de aumento de impostos junto ao setor produtivo, como a relacionada \u00e0 LCA, no agro, e \u00e0 LCI, no mercado imobili\u00e1rio e na constru\u00e7\u00e3o civil. (&#8230;) O projeto traz corte de gastos, faz o equil\u00edbrio fiscal pelo lado da despesa, qualifica o gasto p\u00fablico, elimina o desperd\u00edcio e reduz gastos \u2014 argumentou Efraim. A op\u00e7\u00e3o de redu\u00e7\u00e3o inclui\u00a0os benef\u00edcios do Regime Especial da Ind\u00fastria Qu\u00edmica (Reiq); de cr\u00e9dito presumido de IPI obtido por empresa exportadora quanto \u00e0 compra, no mercado interno, de embalagens e mat\u00e9rias-primas; e de cr\u00e9dito presumido de PIS\/Cofins, inclusive na importa\u00e7\u00e3o, nos seguintes casos: de produtos farmac\u00eauticos; de mercadorias de origem animal ou vegetal; mercadorias de origem animal para exporta\u00e7\u00e3o; farinhas e \u00f3leos vegetais; de PIS\/Cofins na exporta\u00e7\u00e3o de caf\u00e9; PIS\/Cofins sobre exporta\u00e7\u00e3o de c\u00edtricos; PIS\/Cofins sobre receitas de transporte regular rodovi\u00e1rio de passageiros intermunicipal e interestadual. Al\u00e9m dos casos de cr\u00e9dito presumido, poder\u00e3o ser objeto de redu\u00e7\u00e3o as al\u00edquotas zero de PIS\/Cofins a que t\u00eam direito os importadores de agrot\u00f3xicos e fertilizantes, assim como os importadores de nafta petroqu\u00edmica quanto a esses tributos reduzidos. Exce\u00e7\u00f5es A senadora Teresa Leit\u00e3o (PT-PE) elogiou o projeto por determinar que a redu\u00e7\u00e3o n\u00e3o atingir\u00e1 imunidades constitucionais (como entidades religiosas, partidos pol\u00edticos e livros, por exemplo) e os seguintes casos: benef\u00edcios concedidos a empresas estabelecidas na Zona Franca de Manaus (ZFM) e nas \u00e1reas de livre com\u00e9rcio (ALC); produtos da cesta b\u00e1sica nacional de alimentos definida pela reforma tribut\u00e1ria; benef\u00edcio concedido a entidade filantr\u00f3pica sem fins lucrativos habilitada na forma da legisla\u00e7\u00e3o; Simples Nacional; benef\u00edcios tribut\u00e1rios limitados a teto quantitativo global para a concess\u00e3o, como o da Lei Aldir Blanc; benef\u00edcio ligado ao Programa Minha Casa, Minha Vida; benef\u00edcio ligado ao Programa Universidade para Todos (Prouni); compensa\u00e7\u00f5es fiscais pela cess\u00e3o de hor\u00e1rio gratuito de propaganda eleitoral; desonera\u00e7\u00e3o da folha de pagamentos (Contribui\u00e7\u00e3o Previdenci\u00e1ria sobre a Receita Bruta \u2013 CPRB); e benef\u00edcios relativos \u00e0 pol\u00edtica industrial para o setor de tecnologias da informa\u00e7\u00e3o e comunica\u00e7\u00e3o e para o setor de semicondutores. N\u00e3o ser\u00e3o cortados, tamb\u00e9m, os benef\u00edcios concedidos por prazo determinado a contribuintes que j\u00e1 tenham cumprido condi\u00e7\u00e3o onerosa para sua frui\u00e7\u00e3o, como o alcance de metas em programas em troca da ren\u00fancia fiscal.\u00a0 Al\u00e9m disso, a redu\u00e7\u00e3o n\u00e3o atinge produtos que tenham algum tipo de incentivo ligado \u00e0 cobran\u00e7a de al\u00edquotas expressas em reais por unidade de medida. Caber\u00e1 ao Executivo regulamentar as exce\u00e7\u00f5es, inclusive para orientar os contribuintes sobre cada incentivo e benef\u00edcio reduzido. PIB Caso o valor total dos incentivos e benef\u00edcios tribut\u00e1rios ultrapasse o equivalente a 2% do Produto Interno Bruto (PIB), ser\u00e1 proibida a sua concess\u00e3o, amplia\u00e7\u00e3o ou prorroga\u00e7\u00e3o. Para esse c\u00e1lculo dever\u00e1 ser utilizada a estimativa do PIB divulgada pelo Minist\u00e9rio da Fazenda no ano anterior ao ano de refer\u00eancia da Lei Or\u00e7ament\u00e1ria Anual (LOA). Segundo estimativas do governo, atualmente os benef\u00edcios tribut\u00e1rios brasileiros podem chegar a R$ 800 bilh\u00f5es anuais. J\u00e1 os valores apur\u00e1veis s\u00e3o aqueles objetos de redu\u00e7\u00e3o pelo projeto, exclu\u00eddas as exce\u00e7\u00f5es. Esse limite n\u00e3o ser\u00e1 usado se a concess\u00e3o, amplia\u00e7\u00e3o ou<\/p>\n","protected":false},"author":5,"featured_media":0,"comment_status":"open","ping_status":"open","sticky":false,"template":"","format":"standard","meta":{"site-sidebar-layout":"default","site-content-layout":"","ast-site-content-layout":"default","site-content-style":"default","site-sidebar-style":"default","ast-global-header-display":"","ast-banner-title-visibility":"","ast-main-header-display":"","ast-hfb-above-header-display":"","ast-hfb-below-header-display":"","ast-hfb-mobile-header-display":"","site-post-title":"","ast-breadcrumbs-content":"","ast-featured-img":"","footer-sml-layout":"","ast-disable-related-posts":"","theme-transparent-header-meta":"","adv-header-id-meta":"","stick-header-meta":"","header-above-stick-meta":"","header-main-stick-meta":"","header-below-stick-meta":"","astra-migrate-meta-layouts":"default","ast-page-background-enabled":"default","ast-page-background-meta":{"desktop":{"background-color":"var(--ast-global-color-4)","background-image":"","background-repeat":"repeat","background-position":"center center","background-size":"auto","background-attachment":"scroll","background-type":"","background-media":"","overlay-type":"","overlay-color":"","overlay-opacity":"","overlay-gradient":""},"tablet":{"background-color":"","background-image":"","background-repeat":"repeat","background-position":"center center","background-size":"auto","background-attachment":"scroll","background-type":"","background-media":"","overlay-type":"","overlay-color":"","overlay-opacity":"","overlay-gradient":""},"mobile":{"background-color":"","background-image":"","background-repeat":"repeat","background-position":"center center","background-size":"auto","background-attachment":"scroll","background-type":"","background-media":"","overlay-type":"","overlay-color":"","overlay-opacity":"","overlay-gradient":""}},"ast-content-background-meta":{"desktop":{"background-color":"var(--ast-global-color-5)","background-image":"","background-repeat":"repeat","background-position":"center center","background-size":"auto","background-attachment":"scroll","background-type":"","background-media":"","overlay-type":"","overlay-color":"","overlay-opacity":"","overlay-gradient":""},"tablet":{"background-color":"var(--ast-global-color-5)","background-image":"","background-repeat":"repeat","background-position":"center center","background-size":"auto","background-attachment":"scroll","background-type":"","background-media":"","overlay-type":"","overlay-color":"","overlay-opacity":"","overlay-gradient":""},"mobile":{"background-color":"var(--ast-global-color-5)","background-image":"","background-repeat":"repeat","background-position":"center center","background-size":"auto","background-attachment":"scroll","background-type":"","background-media":"","overlay-type":"","overlay-color":"","overlay-opacity":"","overlay-gradient":""}},"footnotes":""},"categories":[417],"tags":[],"class_list":["post-6377","post","type-post","status-publish","format-standard","hentry","category-juridico"],"_links":{"self":[{"href":"https:\/\/abreme.com.br\/index.php?rest_route=\/wp\/v2\/posts\/6377","targetHints":{"allow":["GET"]}}],"collection":[{"href":"https:\/\/abreme.com.br\/index.php?rest_route=\/wp\/v2\/posts"}],"about":[{"href":"https:\/\/abreme.com.br\/index.php?rest_route=\/wp\/v2\/types\/post"}],"author":[{"embeddable":true,"href":"https:\/\/abreme.com.br\/index.php?rest_route=\/wp\/v2\/users\/5"}],"replies":[{"embeddable":true,"href":"https:\/\/abreme.com.br\/index.php?rest_route=%2Fwp%2Fv2%2Fcomments&post=6377"}],"version-history":[{"count":5,"href":"https:\/\/abreme.com.br\/index.php?rest_route=\/wp\/v2\/posts\/6377\/revisions"}],"predecessor-version":[{"id":6383,"href":"https:\/\/abreme.com.br\/index.php?rest_route=\/wp\/v2\/posts\/6377\/revisions\/6383"}],"wp:attachment":[{"href":"https:\/\/abreme.com.br\/index.php?rest_route=%2Fwp%2Fv2%2Fmedia&parent=6377"}],"wp:term":[{"taxonomy":"category","embeddable":true,"href":"https:\/\/abreme.com.br\/index.php?rest_route=%2Fwp%2Fv2%2Fcategories&post=6377"},{"taxonomy":"post_tag","embeddable":true,"href":"https:\/\/abreme.com.br\/index.php?rest_route=%2Fwp%2Fv2%2Ftags&post=6377"}],"curies":[{"name":"wp","href":"https:\/\/api.w.org\/{rel}","templated":true}]}}